{"id":4423,"date":"2026-01-14T22:33:30","date_gmt":"2026-01-14T22:33:30","guid":{"rendered":"https:\/\/pipeska.fr\/?p=4423"},"modified":"2026-04-23T08:34:16","modified_gmt":"2026-04-23T08:34:16","slug":"protect-winter-textured-hair","status":"publish","type":"post","link":"https:\/\/pipeska.fr\/en\/proteger-cheveux-textures-hiver\/","title":{"rendered":"Protect dry hair in winter - Pipeska tips"},"content":{"rendered":"<div data-elementor-type=\"wp-post\" data-elementor-id=\"4423\" class=\"elementor elementor-4423\">\n\t\t\t\t<div class=\"elementor-element elementor-element-c4d75de e-con-full e-flex wpr-particle-no wpr-jarallax-no wpr-parallax-no wpr-sticky-section-no wpr-equal-height-no e-con e-parent\" data-id=\"c4d75de\" data-element_type=\"container\" data-e-type=\"container\">\n\t\t\t\t<div class=\"elementor-element elementor-element-145d5e0 elementor-widget elementor-widget-image\" data-id=\"145d5e0\" data-element_type=\"widget\" data-e-type=\"widget\" data-widget_type=\"image.default\">\n\t\t\t\t\t\t\t\t\t\t\t\t\t\t\t<img fetchpriority=\"high\" decoding=\"async\" width=\"1024\" height=\"1024\" src=\"https:\/\/pipeska.fr\/wp-content\/uploads\/2025\/12\/cheveux-secs-boucles-protegees-soins-naturels-1024x1024-1.png\" class=\"attachment-large size-large wp-image-4430\" alt=\"Protecting textured hair in winter - Pipeska tips Winter can be tough on your hair, especially textured hair - wavy, curly, frizzy or frizzy. Cold, wind and dry air dry out the hair fibre, make curls less supple and can cause breakage, frizz and loss of shine. With the right gestures and products, you can keep your hair hydrated, strong and beautiful all season long. Bio - Made in France - Caribbean Inspired\" srcset=\"https:\/\/pipeska.fr\/wp-content\/uploads\/2025\/12\/cheveux-secs-boucles-protegees-soins-naturels-1024x1024-1.png 1024w, https:\/\/pipeska.fr\/wp-content\/uploads\/2025\/12\/cheveux-secs-boucles-protegees-soins-naturels-1024x1024-1-100x100.png 100w, https:\/\/pipeska.fr\/wp-content\/uploads\/2025\/12\/cheveux-secs-boucles-protegees-soins-naturels-1024x1024-1-1000x1000.png 1000w, https:\/\/pipeska.fr\/wp-content\/uploads\/2025\/12\/cheveux-secs-boucles-protegees-soins-naturels-1024x1024-1-300x300.png 300w, https:\/\/pipeska.fr\/wp-content\/uploads\/2025\/12\/cheveux-secs-boucles-protegees-soins-naturels-1024x1024-1-150x150.png 150w, https:\/\/pipeska.fr\/wp-content\/uploads\/2025\/12\/cheveux-secs-boucles-protegees-soins-naturels-1024x1024-1-768x768.png 768w, https:\/\/pipeska.fr\/wp-content\/uploads\/2025\/12\/cheveux-secs-boucles-protegees-soins-naturels-1024x1024-1-12x12.png 12w, https:\/\/pipeska.fr\/wp-content\/uploads\/2025\/12\/cheveux-secs-boucles-protegees-soins-naturels-1024x1024-1-600x600.png 600w\" sizes=\"(max-width: 1024px) 100vw, 1024px\" \/>\t\t\t\t\t\t\t\t\t\t\t\t\t\t\t<\/div>\n\t\t\t\t<\/div>\n\t\t<div class=\"elementor-element elementor-element-530a5d6 e-con-full e-flex wpr-particle-no wpr-jarallax-no wpr-parallax-no wpr-sticky-section-no wpr-equal-height-no e-con e-parent\" data-id=\"530a5d6\" data-element_type=\"container\" data-e-type=\"container\">\n\t\t\t\t<div class=\"elementor-element elementor-element-3d05690 elementor-widget elementor-widget-heading\" data-id=\"3d05690\" data-element_type=\"widget\" data-e-type=\"widget\" data-widget_type=\"heading.default\">\n\t\t\t\t\t<h1 class=\"elementor-heading-title elementor-size-default\">Protect your textured hair during winter - Tips Pipeska<\/h1>\t\t\t\t<\/div>\n\t\t\t\t<\/div>\n\t\t<div class=\"elementor-element elementor-element-1a4ba25 e-con-full e-flex wpr-particle-no wpr-jarallax-no wpr-parallax-no wpr-sticky-section-no wpr-equal-height-no e-con e-parent\" data-id=\"1a4ba25\" data-element_type=\"container\" data-e-type=\"container\">\n\t\t\t\t<div class=\"elementor-element elementor-element-8426f2e elementor-widget elementor-widget-text-editor\" data-id=\"8426f2e\" data-element_type=\"widget\" data-e-type=\"widget\" data-widget_type=\"text-editor.default\">\n\t\t\t\t\t\t\t\t\t<p style=\"padding-left: 40px; text-align: center;\" data-start=\"295\" data-end=\"691\"><strong data-start=\"206\" data-end=\"248\">Protecting textured hair in winter<\/strong> is essential to prevent dryness, breakage and frizz. Cold, wind and dry air can weaken your wavy, curly, frizzy or frizzy hair, making it less supple and dull. With the right organic care products, you can keep your curls hydrated, shiny and defined all season long.<\/p><p style=\"padding-left: 40px; text-align: center;\" data-start=\"693\" data-end=\"736\">\u00a0<\/p>\t\t\t\t\t\t\t\t<\/div>\n\t\t\t\t<\/div>\n\t\t<div class=\"elementor-element elementor-element-1f6ab51 e-con-full e-flex wpr-particle-no wpr-jarallax-no wpr-parallax-no wpr-sticky-section-no wpr-equal-height-no e-con e-parent\" data-id=\"1f6ab51\" data-element_type=\"container\" data-e-type=\"container\">\n\t\t\t\t<div class=\"elementor-element elementor-element-d3c3e7a elementor-widget elementor-widget-text-editor\" data-id=\"d3c3e7a\" data-element_type=\"widget\" data-e-type=\"widget\" data-widget_type=\"text-editor.default\">\n\t\t\t\t\t\t\t\t\t<h2 style=\"padding-left: 40px;\" data-start=\"743\" data-end=\"797\"><strong data-start=\"746\" data-end=\"797\">Why protect textured hair in winter?\u00a0<\/strong><\/h2><p style=\"padding-left: 40px;\" data-start=\"799\" data-end=\"1035\">Textured hair is naturally drier, as the sebum produced by the scalp has difficulty distributing itself along the length of the curls. Cold air, indoor heating and wind accentuate this phenomenon, causing :<\/p><p style=\"padding-left: 40px;\" data-start=\"1039\" data-end=\"1068\"><strong data-start=\"1039\" data-end=\"1066\">- Dryness and frizz<\/strong><\/p><p style=\"padding-left: 40px;\" data-start=\"1071\" data-end=\"1105\"><strong data-start=\"1071\" data-end=\"1103\">- Brittle or split hair<\/strong><\/p><p style=\"padding-left: 40px;\" data-start=\"1108\" data-end=\"1145\"><strong data-start=\"1108\" data-end=\"1143\">- Loss of loop definition<\/strong><\/p><p style=\"padding-left: 40px;\" data-start=\"1147\" data-end=\"1259\">A proper routine and moisturising treatments are essential to preserve your hair's natural beauty.<\/p><h3 style=\"padding-left: 40px;\" data-start=\"1266\" data-end=\"1329\"><strong data-start=\"1269\" data-end=\"1329\">Winter routine for curly and frizzy hair<\/strong><\/h3><p style=\"padding-left: 40px;\" data-start=\"1331\" data-end=\"1368\">1. <strong data-start=\"1338\" data-end=\"1368\">Gentle, regular cleaning<\/strong><\/p><p style=\"padding-left: 40px;\" data-start=\"1369\" data-end=\"1523\">Choose a <strong data-start=\"1384\" data-end=\"1423\">gentle, moisturising, light shampoo<\/strong>, as the <strong data-start=\"1434\" data-end=\"1460\">Hydra Marin Shampoo<\/strong> or <strong data-start=\"1464\" data-end=\"1502\">Caribbean Fusion Professional Care<\/strong>. These shampoos :<\/p><p style=\"padding-left: 40px;\" data-start=\"1526\" data-end=\"1567\">Cleanse without damaging the scalp<\/p><p style=\"padding-left: 40px;\" data-start=\"1570\" data-end=\"1606\">Preserves natural moisture<\/p><p style=\"padding-left: 40px;\" data-start=\"1609\" data-end=\"1657\">Prepares hair for intensive care<\/p><p style=\"padding-left: 40px;\" data-start=\"1659\" data-end=\"1694\">2. <strong data-start=\"1666\" data-end=\"1694\">Moisturising and nourishing To protect textured hair in winter\u00a0<\/strong><\/p><p style=\"padding-left: 40px;\" data-start=\"1695\" data-end=\"1918\">In winter, your hair needs a little <strong data-start=\"1732\" data-end=\"1763\">mask or deep treatment<\/strong> once or twice a week. Visit <strong data-start=\"1796\" data-end=\"1832\">Pipeska Professional Care Mask<\/strong> moisturises, nourishes and repairs the hair fibre, while adding softness and shine.<\/p><p style=\"padding-left: 40px;\" data-start=\"1920\" data-end=\"2010\">Tip: use it as a <strong data-start=\"1944\" data-end=\"1956\">leave-in<\/strong> on damp hair for prolonged hydration.<\/p><p style=\"padding-left: 40px;\" data-start=\"2012\" data-end=\"2045\">3. <strong data-start=\"2019\" data-end=\"2045\">Daily protection<\/strong><\/p><p style=\"padding-left: 40px;\" data-start=\"2048\" data-end=\"2180\">Apply the <strong data-start=\"2061\" data-end=\"2092\">Pipeska Organic Universal Balm<\/strong> on ends and dry areas to protect hair from external damage.<\/p><p style=\"padding-left: 40px;\" data-start=\"2183\" data-end=\"2293\">Cover your hair with a silk or satin cap to reduce friction and retain moisture.<\/p><p style=\"padding-left: 40px;\" data-start=\"2295\" data-end=\"2333\">4. <strong data-start=\"2302\" data-end=\"2333\">Avoid excessive heat<\/strong><\/p><p style=\"padding-left: 40px;\" data-start=\"2334\" data-end=\"2434\">Hairdryers and irons can weaken hair that has already been dried out by the cold. Choose :<\/p><p style=\"padding-left: 40px;\" data-start=\"2437\" data-end=\"2490\">Le <strong data-start=\"2440\" data-end=\"2465\">air drying<\/strong> or low temperature<\/p><p style=\"padding-left: 40px;\" data-start=\"2493\" data-end=\"2537\">Occasional use of a diffuser<\/p><p style=\"padding-left: 40px;\" data-start=\"2539\" data-end=\"2586\">5. <strong data-start=\"2546\" data-end=\"2586\">Caribbean Fusion sensory routine<\/strong><\/p><p style=\"padding-left: 40px;\" data-start=\"2587\" data-end=\"2768\">Enjoy the tropical, enveloping sensation of our treatments <strong data-start=\"2648\" data-end=\"2659\">Pipeska<\/strong> to turn your maintenance routine into a pleasant, relaxing moment, while protecting your curls.<\/p><p style=\"padding-left: 40px;\" data-start=\"1147\" data-end=\"1259\">\u00a0<\/p>\t\t\t\t\t\t\t\t<\/div>\n\t\t\t\t<\/div>\n\t\t<div class=\"elementor-element elementor-element-bb17073 e-flex e-con-boxed wpr-particle-no wpr-jarallax-no wpr-parallax-no wpr-sticky-section-no wpr-equal-height-no e-con e-parent\" data-id=\"bb17073\" data-element_type=\"container\" data-e-type=\"container\">\n\t\t\t\t\t<div class=\"e-con-inner\">\n\t\t<div class=\"elementor-element elementor-element-bd2166b e-con-full e-flex wpr-particle-no wpr-jarallax-no wpr-parallax-no wpr-sticky-section-no wpr-equal-height-no e-con e-child\" data-id=\"bd2166b\" data-element_type=\"container\" data-e-type=\"container\">\n\t\t\t\t<div class=\"elementor-element elementor-element-c1edfde elementor-widget elementor-widget-text-editor\" data-id=\"c1edfde\" data-element_type=\"widget\" data-e-type=\"widget\" data-widget_type=\"text-editor.default\">\n\t\t\t\t\t\t\t\t\t<h3 style=\"padding-left: 40px;\" data-start=\"2775\" data-end=\"2800\"><strong data-start=\"2778\" data-end=\"2800\">Practical advice<\/strong><\/h3><p style=\"padding-left: 40px;\" data-start=\"2804\" data-end=\"2900\"><strong data-start=\"2804\" data-end=\"2846\">Regularly moisturise the scalp<\/strong> with a few drops of balm or vegetable oil.<\/p><p style=\"padding-left: 40px;\" data-start=\"2903\" data-end=\"2995\"><strong data-start=\"2903\" data-end=\"2927\">Detangle gently<\/strong> with a wide-tooth comb or your fingers to avoid breakage.<\/p><p style=\"padding-left: 40px;\" data-start=\"2998\" data-end=\"3080\"><strong data-start=\"2998\" data-end=\"3032\">Adapt the frequency of care<\/strong> depending on dryness and exposure to cold.\u00a0<\/p>\t\t\t\t\t\t\t\t<\/div>\n\t\t\t\t<\/div>\n\t\t<div class=\"elementor-element elementor-element-0f4233d e-con-full e-flex wpr-particle-no wpr-jarallax-no wpr-parallax-no wpr-sticky-section-no wpr-equal-height-no e-con e-child\" data-id=\"0f4233d\" data-element_type=\"container\" data-e-type=\"container\">\n\t\t\t\t<div class=\"elementor-element elementor-element-f99100d elementor-widget elementor-widget-image\" data-id=\"f99100d\" data-element_type=\"widget\" data-e-type=\"widget\" data-widget_type=\"image.default\">\n\t\t\t\t\t\t\t\t\t\t\t\t\t\t\t<img decoding=\"async\" width=\"1024\" height=\"1024\" data-src=\"https:\/\/pipeska.fr\/wp-content\/uploads\/2024\/10\/Pipeska-natural-universal-balm-1024x1024.jpg\" class=\"attachment-large size-large wp-image-4409 lazyload\" alt=\"Why winter makes textured hair more fragile Textured hair is naturally drier because the sebum produced by the scalp has trouble distributing itself along the length of the curls. Cold air, indoor heating and wind accentuate this phenomenon, causing : Dryness and frizz Brittle or split ends Loss of curl definition The right routine and moisturising care are essential to preserve your hair&#039;s natural beauty.\" data-srcset=\"https:\/\/pipeska.fr\/wp-content\/uploads\/2024\/10\/Pipeska-natural-universal-balm-1024x1024.jpg 1024w, https:\/\/pipeska.fr\/wp-content\/uploads\/2024\/10\/Pipeska-natural-universal-balm-100x100.jpg 100w, https:\/\/pipeska.fr\/wp-content\/uploads\/2024\/10\/Pipeska-natural-universal-balm-1000x1000.jpg 1000w, https:\/\/pipeska.fr\/wp-content\/uploads\/2024\/10\/Pipeska-natural-universal-balm-300x300.jpg 300w, https:\/\/pipeska.fr\/wp-content\/uploads\/2024\/10\/Pipeska-natural-universal-balm-150x150.jpg 150w, https:\/\/pipeska.fr\/wp-content\/uploads\/2024\/10\/Pipeska-natural-universal-balm-768x768.jpg 768w, https:\/\/pipeska.fr\/wp-content\/uploads\/2024\/10\/Pipeska-natural-universal-balm-12x12.jpg 12w, https:\/\/pipeska.fr\/wp-content\/uploads\/2024\/10\/Pipeska-natural-universal-balm-600x600.jpg 600w, https:\/\/pipeska.fr\/wp-content\/uploads\/2024\/10\/Pipeska-natural-universal-balm.jpg 1080w\" data-sizes=\"(max-width: 1024px) 100vw, 1024px\" src=\"data:image\/svg+xml;base64,PHN2ZyB3aWR0aD0iMSIgaGVpZ2h0PSIxIiB4bWxucz0iaHR0cDovL3d3dy53My5vcmcvMjAwMC9zdmciPjwvc3ZnPg==\" style=\"--smush-placeholder-width: 1024px; --smush-placeholder-aspect-ratio: 1024\/1024;\" \/>\t\t\t\t\t\t\t\t\t\t\t\t\t\t\t<\/div>\n\t\t\t\t<\/div>\n\t\t<div class=\"elementor-element elementor-element-75948eb e-con-full e-flex wpr-particle-no wpr-jarallax-no wpr-parallax-no wpr-sticky-section-no wpr-equal-height-no e-con e-child\" data-id=\"75948eb\" data-element_type=\"container\" data-e-type=\"container\">\n\t\t\t\t<div class=\"elementor-element elementor-element-9d9c153 elementor-widget elementor-widget-image\" data-id=\"9d9c153\" data-element_type=\"widget\" data-e-type=\"widget\" data-widget_type=\"image.default\">\n\t\t\t\t\t\t\t\t\t\t\t\t\t\t\t<img decoding=\"async\" width=\"1024\" height=\"1024\" data-src=\"https:\/\/pipeska.fr\/wp-content\/uploads\/2026\/01\/cheveux-boucles-proteges-hiver-Pipeska-1024x1024.jpg\" class=\"attachment-large size-large wp-image-4813 lazyload\" alt=\"Why winter makes textured hair more fragile Textured hair is naturally drier because the sebum produced by the scalp has trouble distributing itself along the length of the curls. Cold air, indoor heating and wind accentuate this phenomenon, causing : Dryness and frizz Brittle or split ends Loss of curl definition The right routine and moisturising care are essential to preserve your hair&#039;s natural beauty.\" data-srcset=\"https:\/\/pipeska.fr\/wp-content\/uploads\/2026\/01\/cheveux-boucles-proteges-hiver-Pipeska-1024x1024.jpg 1024w, https:\/\/pipeska.fr\/wp-content\/uploads\/2026\/01\/cheveux-boucles-proteges-hiver-Pipeska-100x100.jpg 100w, https:\/\/pipeska.fr\/wp-content\/uploads\/2026\/01\/cheveux-boucles-proteges-hiver-Pipeska-1000x1000.jpg 1000w, https:\/\/pipeska.fr\/wp-content\/uploads\/2026\/01\/cheveux-boucles-proteges-hiver-Pipeska-300x300.jpg 300w, https:\/\/pipeska.fr\/wp-content\/uploads\/2026\/01\/cheveux-boucles-proteges-hiver-Pipeska-150x150.jpg 150w, https:\/\/pipeska.fr\/wp-content\/uploads\/2026\/01\/cheveux-boucles-proteges-hiver-Pipeska-768x768.jpg 768w, https:\/\/pipeska.fr\/wp-content\/uploads\/2026\/01\/cheveux-boucles-proteges-hiver-Pipeska-12x12.jpg 12w, https:\/\/pipeska.fr\/wp-content\/uploads\/2026\/01\/cheveux-boucles-proteges-hiver-Pipeska-600x600.jpg 600w, https:\/\/pipeska.fr\/wp-content\/uploads\/2026\/01\/cheveux-boucles-proteges-hiver-Pipeska.jpg 1080w\" data-sizes=\"(max-width: 1024px) 100vw, 1024px\" src=\"data:image\/svg+xml;base64,PHN2ZyB3aWR0aD0iMSIgaGVpZ2h0PSIxIiB4bWxucz0iaHR0cDovL3d3dy53My5vcmcvMjAwMC9zdmciPjwvc3ZnPg==\" style=\"--smush-placeholder-width: 1024px; --smush-placeholder-aspect-ratio: 1024\/1024;\" \/>\t\t\t\t\t\t\t\t\t\t\t\t\t\t\t<\/div>\n\t\t\t\t<\/div>\n\t\t<div class=\"elementor-element elementor-element-980e87b e-con-full e-flex wpr-particle-no wpr-jarallax-no wpr-parallax-no wpr-sticky-section-no wpr-equal-height-no e-con e-child\" data-id=\"980e87b\" data-element_type=\"container\" data-e-type=\"container\">\n\t\t\t\t<div class=\"elementor-element elementor-element-058fea0 elementor-widget elementor-widget-text-editor\" data-id=\"058fea0\" data-element_type=\"widget\" data-e-type=\"widget\" data-widget_type=\"text-editor.default\">\n\t\t\t\t\t\t\t\t\t<p style=\"padding-left: 40px;\">\u00a0<\/p><h3 style=\"padding-left: 40px;\"><strong data-start=\"3390\" data-end=\"3430\">Benefits of this winter routine = Protect textured hair in winter<\/strong><\/h3><p style=\"padding-left: 40px;\">Moisturized, supple, protected hair with defined curls all winter long, without frizz or breakage, all while enjoying the sensorial experience. <strong data-start=\"3574\" data-end=\"3605\">Caribbean Fusion by Pipeska<\/strong>.<\/p>\t\t\t\t\t\t\t\t<\/div>\n\t\t\t\t<\/div>\n\t\t\t\t\t<\/div>\n\t\t\t\t<\/div>\n\t\t<div class=\"elementor-element elementor-element-df1e555 e-flex e-con-boxed wpr-particle-no wpr-jarallax-no wpr-parallax-no wpr-sticky-section-no wpr-equal-height-no e-con e-parent\" data-id=\"df1e555\" data-element_type=\"container\" data-e-type=\"container\">\n\t\t\t\t\t<div class=\"e-con-inner\">\n\t\t\t\t<div class=\"elementor-element elementor-element-4eca25a elementor-widget elementor-widget-text-editor\" data-id=\"4eca25a\" data-element_type=\"widget\" data-e-type=\"widget\" data-widget_type=\"text-editor.default\">\n\t\t\t\t\t\t\t\t\t<p style=\"padding-left: 40px;\" data-start=\"3087\" data-end=\"3106\"><strong data-start=\"3090\" data-end=\"3106\">Useful links:\u00a0 <a class=\"decorated-link\" href=\"https:\/\/pipeska.fr\/en\/product\/organic-moisturising-mask-for-sensitive-hair-professional-care\/\" target=\"_blank\" rel=\"noopener\" data-start=\"3110\" data-end=\"3147\">Pipeska Professional Care Mask<\/a> <\/strong>- deep, multi-use care.\u00a0 <strong>\u00a0<a class=\"decorated-link\" href=\"https:\/\/pipeska.fr\/en\/product\/pipeska-organic-universal-balm\/\" target=\"_blank\" rel=\"noopener\" data-start=\"3182\" data-end=\"3214\">Pipeska Organic Universal Balm<\/a> <\/strong>- daily protection and hydration <strong><a class=\"decorated-link\" href=\"https:\/\/pipeska.fr\/en\/product\/moisturising-fine-hair-2\/\" target=\"_blank\" rel=\"noopener\" data-start=\"3259\" data-end=\"3286\">Hydra Marin Shampoo<\/a> <\/strong>- gentle, moisturising cleansing. <a class=\"decorated-link\" href=\"https:\/\/pipeska.fr\/en\/product\/caribbean-fusion-organic-shampoo-for-fragile-hair\/\" target=\"_blank\" rel=\"noopener\" data-start=\"3321\" data-end=\"3353\"><strong>Caribbean Fusion Shampoo<\/strong><\/a><strong> -<\/strong> light, sensorial treatment.<\/p><p style=\"padding-left: 40px;\" data-start=\"3087\" data-end=\"3106\"><a href=\"https:\/\/www.ecocert.com\/fr\/certification\/cosmetiques-biologiques-ou-naturels-cosmos\" target=\"_blank\" rel=\"noopener\">COSMOS Organic - Ecocert certification<\/a>.. Find out more<\/p><hr data-start=\"3383\" data-end=\"3386\" \/><p data-start=\"3388\" data-end=\"3608\">\u2705<\/p>\t\t\t\t\t\t\t\t<\/div>\n\t\t\t\t\t<\/div>\n\t\t\t\t<\/div>\n\t\t\t\t<\/div>","protected":false},"excerpt":{"rendered":"<p>Prot\u00e9ger ses cheveux textur\u00e9s pendant l\u2019hiver \u2013 Conseils Pipeska Prot\u00e9ger ses cheveux textur\u00e9s en hiver est essentiel pour \u00e9viter la s\u00e9cheresse, la casse et les frisottis. Le froid, le vent et l\u2019air sec peuvent fragiliser vos cheveux ondul\u00e9s, boucl\u00e9s, fris\u00e9s ou cr\u00e9pus, les rendant moins souples et ternes. Avec les bons gestes et soins bio, vous pouvez maintenir l\u2019hydratation, la brillance et la d\u00e9finition de vos boucles tout au long de la saison. \u00a0 Pourquoi prot\u00e9ger ses cheveux textur\u00e9s en hiver ?\u00a0 Les cheveux textur\u00e9s sont naturellement plus secs, car le s\u00e9bum produit par le cuir chevelu a du mal \u00e0 se r\u00e9partir sur toute la longueur des boucles. L\u2019air froid, le chauffage int\u00e9rieur et le vent accentuent ce ph\u00e9nom\u00e8ne, provoquant : &#8211; S\u00e9cheresse et frisottis &#8211; Cheveux cassants ou fourchus &#8211; Perte de d\u00e9finition des boucles Une routine adapt\u00e9e et des soins hydratants sont essentiels pour pr\u00e9server la beaut\u00e9 naturelle de vos cheveux. Routine hivernale pour cheveux boucl\u00e9s, fris\u00e9s et cr\u00e9pus 1. Nettoyage doux et r\u00e9gulier Privil\u00e9giez un shampooing doux, hydratant et l\u00e9ger, comme le Shampooing Hydra Marin ou Caribbean Fusion Professional Care. Ces shampooings : Nettoient sans agresser le cuir chevelu Pr\u00e9servent l\u2019hydratation naturelle Pr\u00e9parent les cheveux pour les soins intensifs 2. Hydratation et nutrition\u00a0Pour prot\u00e9ger ses cheveux textur\u00e9s en hiver\u00a0 L\u2019hiver, vos cheveux ont besoin d\u2019un masque ou d\u2019un soin profond une \u00e0 deux fois par semaine. Le Masque Professional Care Pipeska hydrate, nourrit et r\u00e9pare la fibre capillaire, tout en apportant douceur et \u00e9clat. Astuce : utilisez-le en leave-in sur cheveux humides pour une hydratation prolong\u00e9e. 3. Protection quotidienne Appliquez le Baume Universel Bio Pipeska sur les pointes et zones s\u00e8ches pour prot\u00e9ger les cheveux des agressions ext\u00e9rieures. Couvrez vos cheveux avec un bonnet en soie ou en satin pour r\u00e9duire les frottements et conserver l\u2019humidit\u00e9. 4. \u00c9viter la chaleur excessive Les s\u00e8che-cheveux et fers peuvent fragiliser les cheveux d\u00e9j\u00e0 ass\u00e9ch\u00e9s par le froid. Privil\u00e9giez : Le s\u00e9chage \u00e0 l\u2019air libre ou \u00e0 basse temp\u00e9rature L\u2019utilisation occasionnelle d\u2019un diffuseur 5. Routine sensorielle Caribbean Fusion Profitez de la sensation tropicale et enveloppante des soins Pipeska pour transformer vos gestes d\u2019entretien en un moment agr\u00e9able et relaxant, tout en prot\u00e9geant vos boucles. \u00a0 Conseils pratiques Hydratez r\u00e9guli\u00e8rement le cuir chevelu avec quelques gouttes de baume ou d\u2019huile v\u00e9g\u00e9tale. D\u00e9m\u00ealez d\u00e9licatement avec un peigne \u00e0 dents larges ou vos doigts pour \u00e9viter la casse. Adaptez la fr\u00e9quence des soins selon la s\u00e9cheresse et l\u2019exposition au froid.\u00a0 \u00a0 B\u00e9n\u00e9fices de cette routine hivernale = Prot\u00e9ger ses cheveux textur\u00e9s en hiver Des cheveux hydrat\u00e9s, souples, prot\u00e9g\u00e9s et boucles d\u00e9finies tout l\u2019hiver, sans frisottis ni casse, tout en profitant de l\u2019exp\u00e9rience sensorielle Caribbean Fusion by Pipeska. Liens utiles:\u00a0 Masque Professional Care Pipeska \u2013 soin profond et multi-usage.\u00a0 \u00a0Baume Universel Bio Pipeska \u2013 protection et hydratation quotidienne Shampooing Hydra Marin \u2013 nettoyage doux et hydratant. Shampooing Caribbean Fusion \u2013 soin sensoriel et l\u00e9ger. COSMOS Organic \u2013 Certification Ecocert.. En savoir plus \u2705<\/p>","protected":false},"author":1,"featured_media":0,"comment_status":"open","ping_status":"open","sticky":false,"template":"","format":"standard","meta":{"_uf_show_specific_survey":0,"_uf_disable_surveys":false,"footnotes":""},"categories":[191],"tags":[],"class_list":["post-4423","post","type-post","status-publish","format-standard","hentry","category-conseils-astuces-cheveux-textures","entry","owp-thumbs-layout-horizontal","owp-btn-normal","owp-tabs-layout-vertical","has-no-thumbnails","has-product-nav"],"yoast_head":"<!-- This site is optimized with the Yoast SEO plugin v27.5 - https:\/\/yoast.com\/product\/yoast-seo-wordpress\/ -->\n<title>Prot\u00e9ger cheveux textur\u00e9s hiver : conseils et soins bio Pipeska<\/title>\n<meta name=\"description\" content=\"D\u00e9couvrez comment prot\u00e9ger vos cheveux textur\u00e9s en hiver avec les soins bio Pipeska Professional Care. Des boucles sublim\u00e9es.\" \/>\n<meta name=\"robots\" content=\"index, follow, max-snippet:-1, max-image-preview:large, max-video-preview:-1\" \/>\n<link rel=\"canonical\" href=\"https:\/\/pipeska.fr\/en\/protect-winter-textured-hair\/\" \/>\n<meta property=\"og:locale\" content=\"en_GB\" \/>\n<meta property=\"og:type\" content=\"article\" \/>\n<meta property=\"og:title\" content=\"Prot\u00e9ger cheveux textur\u00e9s hiver : conseils et soins bio Pipeska\" \/>\n<meta property=\"og:description\" content=\"D\u00e9couvrez comment prot\u00e9ger vos cheveux textur\u00e9s en hiver avec les soins bio Pipeska Professional Care. Des boucles sublim\u00e9es.\" \/>\n<meta property=\"og:url\" content=\"https:\/\/pipeska.fr\/en\/protect-winter-textured-hair\/\" \/>\n<meta property=\"og:site_name\" content=\"Pipeska\" \/>\n<meta property=\"article:published_time\" content=\"2026-01-14T22:33:30+00:00\" \/>\n<meta property=\"article:modified_time\" content=\"2026-04-23T08:34:16+00:00\" \/>\n<meta property=\"og:image\" content=\"https:\/\/pipeska.fr\/wp-content\/uploads\/2025\/12\/cheveux-secs-boucles-protegees-soins-naturels-1024x1024-1.png\" \/>\n<meta name=\"author\" content=\"Yaniris\" \/>\n<meta name=\"twitter:card\" content=\"summary_large_image\" \/>\n<meta name=\"twitter:label1\" content=\"Written by\" \/>\n\t<meta name=\"twitter:data1\" content=\"Yaniris\" \/>\n\t<meta name=\"twitter:label2\" content=\"Estimated reading time\" \/>\n\t<meta name=\"twitter:data2\" content=\"4 minutes\" \/>\n<script type=\"application\/ld+json\" class=\"yoast-schema-graph\">{\"@context\":\"https:\\\/\\\/schema.org\",\"@graph\":[{\"@type\":\"Article\",\"@id\":\"https:\\\/\\\/pipeska.fr\\\/proteger-cheveux-textures-hiver\\\/#article\",\"isPartOf\":{\"@id\":\"https:\\\/\\\/pipeska.fr\\\/proteger-cheveux-textures-hiver\\\/\"},\"author\":{\"name\":\"Yaniris\",\"@id\":\"https:\\\/\\\/pipeska.fr\\\/#\\\/schema\\\/person\\\/798445eb43ba38a57fa580b65bdc0029\"},\"headline\":\"Prot\u00e9ger ses cheveux secs en hiver \u2013 Astuces Pipeska\",\"datePublished\":\"2026-01-14T22:33:30+00:00\",\"dateModified\":\"2026-04-23T08:34:16+00:00\",\"mainEntityOfPage\":{\"@id\":\"https:\\\/\\\/pipeska.fr\\\/proteger-cheveux-textures-hiver\\\/\"},\"wordCount\":556,\"commentCount\":0,\"publisher\":{\"@id\":\"https:\\\/\\\/pipeska.fr\\\/#organization\"},\"image\":{\"@id\":\"https:\\\/\\\/pipeska.fr\\\/proteger-cheveux-textures-hiver\\\/#primaryimage\"},\"thumbnailUrl\":\"https:\\\/\\\/pipeska.fr\\\/wp-content\\\/uploads\\\/2025\\\/12\\\/cheveux-secs-boucles-protegees-soins-naturels-1024x1024-1.png\",\"articleSection\":[\"Conseils &amp; Astuces cheveux textur\u00e9s\"],\"inLanguage\":\"en-GB\",\"potentialAction\":[{\"@type\":\"CommentAction\",\"name\":\"Comment\",\"target\":[\"https:\\\/\\\/pipeska.fr\\\/proteger-cheveux-textures-hiver\\\/#respond\"]}]},{\"@type\":\"WebPage\",\"@id\":\"https:\\\/\\\/pipeska.fr\\\/proteger-cheveux-textures-hiver\\\/\",\"url\":\"https:\\\/\\\/pipeska.fr\\\/proteger-cheveux-textures-hiver\\\/\",\"name\":\"Prot\u00e9ger cheveux textur\u00e9s hiver : conseils et soins bio Pipeska\",\"isPartOf\":{\"@id\":\"https:\\\/\\\/pipeska.fr\\\/#website\"},\"primaryImageOfPage\":{\"@id\":\"https:\\\/\\\/pipeska.fr\\\/proteger-cheveux-textures-hiver\\\/#primaryimage\"},\"image\":{\"@id\":\"https:\\\/\\\/pipeska.fr\\\/proteger-cheveux-textures-hiver\\\/#primaryimage\"},\"thumbnailUrl\":\"https:\\\/\\\/pipeska.fr\\\/wp-content\\\/uploads\\\/2025\\\/12\\\/cheveux-secs-boucles-protegees-soins-naturels-1024x1024-1.png\",\"datePublished\":\"2026-01-14T22:33:30+00:00\",\"dateModified\":\"2026-04-23T08:34:16+00:00\",\"description\":\"D\u00e9couvrez comment prot\u00e9ger vos cheveux textur\u00e9s en hiver avec les soins bio Pipeska Professional Care. Des boucles sublim\u00e9es.\",\"breadcrumb\":{\"@id\":\"https:\\\/\\\/pipeska.fr\\\/proteger-cheveux-textures-hiver\\\/#breadcrumb\"},\"inLanguage\":\"en-GB\",\"potentialAction\":[{\"@type\":\"ReadAction\",\"target\":[\"https:\\\/\\\/pipeska.fr\\\/proteger-cheveux-textures-hiver\\\/\"]}]},{\"@type\":\"ImageObject\",\"inLanguage\":\"en-GB\",\"@id\":\"https:\\\/\\\/pipeska.fr\\\/proteger-cheveux-textures-hiver\\\/#primaryimage\",\"url\":\"https:\\\/\\\/pipeska.fr\\\/wp-content\\\/uploads\\\/2025\\\/12\\\/cheveux-secs-boucles-protegees-soins-naturels-1024x1024-1.png\",\"contentUrl\":\"https:\\\/\\\/pipeska.fr\\\/wp-content\\\/uploads\\\/2025\\\/12\\\/cheveux-secs-boucles-protegees-soins-naturels-1024x1024-1.png\"},{\"@type\":\"BreadcrumbList\",\"@id\":\"https:\\\/\\\/pipeska.fr\\\/proteger-cheveux-textures-hiver\\\/#breadcrumb\",\"itemListElement\":[{\"@type\":\"ListItem\",\"position\":1,\"name\":\"Accueil\",\"item\":\"https:\\\/\\\/pipeska.fr\\\/\"},{\"@type\":\"ListItem\",\"position\":2,\"name\":\"Prot\u00e9ger ses cheveux secs en hiver \u2013 Astuces Pipeska\"}]},{\"@type\":\"WebSite\",\"@id\":\"https:\\\/\\\/pipeska.fr\\\/#website\",\"url\":\"https:\\\/\\\/pipeska.fr\\\/\",\"name\":\"Pipeska\",\"description\":\"Bio - Made in France - Caribbean Inspired\",\"publisher\":{\"@id\":\"https:\\\/\\\/pipeska.fr\\\/#organization\"},\"potentialAction\":[{\"@type\":\"SearchAction\",\"target\":{\"@type\":\"EntryPoint\",\"urlTemplate\":\"https:\\\/\\\/pipeska.fr\\\/?s={search_term_string}\"},\"query-input\":{\"@type\":\"PropertyValueSpecification\",\"valueRequired\":true,\"valueName\":\"search_term_string\"}}],\"inLanguage\":\"en-GB\"},{\"@type\":\"Organization\",\"@id\":\"https:\\\/\\\/pipeska.fr\\\/#organization\",\"name\":\"Pipeska\",\"url\":\"https:\\\/\\\/pipeska.fr\\\/\",\"logo\":{\"@type\":\"ImageObject\",\"inLanguage\":\"en-GB\",\"@id\":\"https:\\\/\\\/pipeska.fr\\\/#\\\/schema\\\/logo\\\/image\\\/\",\"url\":\"https:\\\/\\\/pipeska.fr\\\/wp-content\\\/uploads\\\/2024\\\/07\\\/Pipeska_logo_couleur_fondtransparent.png\",\"contentUrl\":\"https:\\\/\\\/pipeska.fr\\\/wp-content\\\/uploads\\\/2024\\\/07\\\/Pipeska_logo_couleur_fondtransparent.png\",\"width\":1771,\"height\":1181,\"caption\":\"Pipeska\"},\"image\":{\"@id\":\"https:\\\/\\\/pipeska.fr\\\/#\\\/schema\\\/logo\\\/image\\\/\"}},{\"@type\":\"Person\",\"@id\":\"https:\\\/\\\/pipeska.fr\\\/#\\\/schema\\\/person\\\/798445eb43ba38a57fa580b65bdc0029\",\"name\":\"Yaniris\",\"image\":{\"@type\":\"ImageObject\",\"inLanguage\":\"en-GB\",\"@id\":\"https:\\\/\\\/secure.gravatar.com\\\/avatar\\\/82e3c245bcbfc2739807c608e824670b3962d13779094fc4f0c4d66755194d02?s=96&d=mm&r=g\",\"url\":\"https:\\\/\\\/secure.gravatar.com\\\/avatar\\\/82e3c245bcbfc2739807c608e824670b3962d13779094fc4f0c4d66755194d02?s=96&d=mm&r=g\",\"contentUrl\":\"https:\\\/\\\/secure.gravatar.com\\\/avatar\\\/82e3c245bcbfc2739807c608e824670b3962d13779094fc4f0c4d66755194d02?s=96&d=mm&r=g\",\"caption\":\"Yaniris\"},\"sameAs\":[\"https:\\\/\\\/pipeska.fr\"],\"url\":\"https:\\\/\\\/pipeska.fr\\\/en\\\/author\\\/yaniris\\\/\"}]}<\/script>\n<!-- \/ Yoast SEO plugin. -->","yoast_head_json":{"title":"Protect textured hair in winter: Pipeska organic care tips","description":"Discover how to protect your textured hair in winter with Pipeska Professional Care. Enhance your curls.","robots":{"index":"index","follow":"follow","max-snippet":"max-snippet:-1","max-image-preview":"max-image-preview:large","max-video-preview":"max-video-preview:-1"},"canonical":"https:\/\/pipeska.fr\/en\/protect-winter-textured-hair\/","og_locale":"en_GB","og_type":"article","og_title":"Prot\u00e9ger cheveux textur\u00e9s hiver : conseils et soins bio Pipeska","og_description":"D\u00e9couvrez comment prot\u00e9ger vos cheveux textur\u00e9s en hiver avec les soins bio Pipeska Professional Care. Des boucles sublim\u00e9es.","og_url":"https:\/\/pipeska.fr\/en\/protect-winter-textured-hair\/","og_site_name":"Pipeska","article_published_time":"2026-01-14T22:33:30+00:00","article_modified_time":"2026-04-23T08:34:16+00:00","og_image":[{"url":"https:\/\/pipeska.fr\/wp-content\/uploads\/2025\/12\/cheveux-secs-boucles-protegees-soins-naturels-1024x1024-1.png","type":"","width":"","height":""}],"author":"Yaniris","twitter_card":"summary_large_image","twitter_misc":{"Written by":"Yaniris","Estimated reading time":"4 minutes"},"schema":{"@context":"https:\/\/schema.org","@graph":[{"@type":"Article","@id":"https:\/\/pipeska.fr\/proteger-cheveux-textures-hiver\/#article","isPartOf":{"@id":"https:\/\/pipeska.fr\/proteger-cheveux-textures-hiver\/"},"author":{"name":"Yaniris","@id":"https:\/\/pipeska.fr\/#\/schema\/person\/798445eb43ba38a57fa580b65bdc0029"},"headline":"Prot\u00e9ger ses cheveux secs en hiver \u2013 Astuces Pipeska","datePublished":"2026-01-14T22:33:30+00:00","dateModified":"2026-04-23T08:34:16+00:00","mainEntityOfPage":{"@id":"https:\/\/pipeska.fr\/proteger-cheveux-textures-hiver\/"},"wordCount":556,"commentCount":0,"publisher":{"@id":"https:\/\/pipeska.fr\/#organization"},"image":{"@id":"https:\/\/pipeska.fr\/proteger-cheveux-textures-hiver\/#primaryimage"},"thumbnailUrl":"https:\/\/pipeska.fr\/wp-content\/uploads\/2025\/12\/cheveux-secs-boucles-protegees-soins-naturels-1024x1024-1.png","articleSection":["Conseils &amp; Astuces cheveux textur\u00e9s"],"inLanguage":"en-GB","potentialAction":[{"@type":"CommentAction","name":"Comment","target":["https:\/\/pipeska.fr\/proteger-cheveux-textures-hiver\/#respond"]}]},{"@type":"WebPage","@id":"https:\/\/pipeska.fr\/proteger-cheveux-textures-hiver\/","url":"https:\/\/pipeska.fr\/proteger-cheveux-textures-hiver\/","name":"Protect textured hair in winter: Pipeska organic care tips","isPartOf":{"@id":"https:\/\/pipeska.fr\/#website"},"primaryImageOfPage":{"@id":"https:\/\/pipeska.fr\/proteger-cheveux-textures-hiver\/#primaryimage"},"image":{"@id":"https:\/\/pipeska.fr\/proteger-cheveux-textures-hiver\/#primaryimage"},"thumbnailUrl":"https:\/\/pipeska.fr\/wp-content\/uploads\/2025\/12\/cheveux-secs-boucles-protegees-soins-naturels-1024x1024-1.png","datePublished":"2026-01-14T22:33:30+00:00","dateModified":"2026-04-23T08:34:16+00:00","description":"Discover how to protect your textured hair in winter with Pipeska Professional Care. Enhance your curls.","breadcrumb":{"@id":"https:\/\/pipeska.fr\/proteger-cheveux-textures-hiver\/#breadcrumb"},"inLanguage":"en-GB","potentialAction":[{"@type":"ReadAction","target":["https:\/\/pipeska.fr\/proteger-cheveux-textures-hiver\/"]}]},{"@type":"ImageObject","inLanguage":"en-GB","@id":"https:\/\/pipeska.fr\/proteger-cheveux-textures-hiver\/#primaryimage","url":"https:\/\/pipeska.fr\/wp-content\/uploads\/2025\/12\/cheveux-secs-boucles-protegees-soins-naturels-1024x1024-1.png","contentUrl":"https:\/\/pipeska.fr\/wp-content\/uploads\/2025\/12\/cheveux-secs-boucles-protegees-soins-naturels-1024x1024-1.png"},{"@type":"BreadcrumbList","@id":"https:\/\/pipeska.fr\/proteger-cheveux-textures-hiver\/#breadcrumb","itemListElement":[{"@type":"ListItem","position":1,"name":"Accueil","item":"https:\/\/pipeska.fr\/"},{"@type":"ListItem","position":2,"name":"Prot\u00e9ger ses cheveux secs en hiver \u2013 Astuces Pipeska"}]},{"@type":"WebSite","@id":"https:\/\/pipeska.fr\/#website","url":"https:\/\/pipeska.fr\/","name":"Pipeska","description":"Bio - Made in France - Caribbean Inspired","publisher":{"@id":"https:\/\/pipeska.fr\/#organization"},"potentialAction":[{"@type":"SearchAction","target":{"@type":"EntryPoint","urlTemplate":"https:\/\/pipeska.fr\/?s={search_term_string}"},"query-input":{"@type":"PropertyValueSpecification","valueRequired":true,"valueName":"search_term_string"}}],"inLanguage":"en-GB"},{"@type":"Organization","@id":"https:\/\/pipeska.fr\/#organization","name":"Pipeska","url":"https:\/\/pipeska.fr\/","logo":{"@type":"ImageObject","inLanguage":"en-GB","@id":"https:\/\/pipeska.fr\/#\/schema\/logo\/image\/","url":"https:\/\/pipeska.fr\/wp-content\/uploads\/2024\/07\/Pipeska_logo_couleur_fondtransparent.png","contentUrl":"https:\/\/pipeska.fr\/wp-content\/uploads\/2024\/07\/Pipeska_logo_couleur_fondtransparent.png","width":1771,"height":1181,"caption":"Pipeska"},"image":{"@id":"https:\/\/pipeska.fr\/#\/schema\/logo\/image\/"}},{"@type":"Person","@id":"https:\/\/pipeska.fr\/#\/schema\/person\/798445eb43ba38a57fa580b65bdc0029","name":"Yaniris","image":{"@type":"ImageObject","inLanguage":"en-GB","@id":"https:\/\/secure.gravatar.com\/avatar\/82e3c245bcbfc2739807c608e824670b3962d13779094fc4f0c4d66755194d02?s=96&d=mm&r=g","url":"https:\/\/secure.gravatar.com\/avatar\/82e3c245bcbfc2739807c608e824670b3962d13779094fc4f0c4d66755194d02?s=96&d=mm&r=g","contentUrl":"https:\/\/secure.gravatar.com\/avatar\/82e3c245bcbfc2739807c608e824670b3962d13779094fc4f0c4d66755194d02?s=96&d=mm&r=g","caption":"Yaniris"},"sameAs":["https:\/\/pipeska.fr"],"url":"https:\/\/pipeska.fr\/en\/author\/yaniris\/"}]}},"_links":{"self":[{"href":"https:\/\/pipeska.fr\/en\/wp-json\/wp\/v2\/posts\/4423","targetHints":{"allow":["GET"]}}],"collection":[{"href":"https:\/\/pipeska.fr\/en\/wp-json\/wp\/v2\/posts"}],"about":[{"href":"https:\/\/pipeska.fr\/en\/wp-json\/wp\/v2\/types\/post"}],"author":[{"embeddable":true,"href":"https:\/\/pipeska.fr\/en\/wp-json\/wp\/v2\/users\/1"}],"replies":[{"embeddable":true,"href":"https:\/\/pipeska.fr\/en\/wp-json\/wp\/v2\/comments?post=4423"}],"version-history":[{"count":22,"href":"https:\/\/pipeska.fr\/en\/wp-json\/wp\/v2\/posts\/4423\/revisions"}],"predecessor-version":[{"id":5435,"href":"https:\/\/pipeska.fr\/en\/wp-json\/wp\/v2\/posts\/4423\/revisions\/5435"}],"wp:attachment":[{"href":"https:\/\/pipeska.fr\/en\/wp-json\/wp\/v2\/media?parent=4423"}],"wp:term":[{"taxonomy":"category","embeddable":true,"href":"https:\/\/pipeska.fr\/en\/wp-json\/wp\/v2\/categories?post=4423"},{"taxonomy":"post_tag","embeddable":true,"href":"https:\/\/pipeska.fr\/en\/wp-json\/wp\/v2\/tags?post=4423"}],"curies":[{"name":"wp","href":"https:\/\/api.w.org\/{rel}","templated":true}]}}