{"id":6884,"date":"2026-05-18T20:46:59","date_gmt":"2026-05-18T20:46:59","guid":{"rendered":"https:\/\/pipeska.fr\/?p=6884"},"modified":"2026-05-19T10:11:38","modified_gmt":"2026-05-19T10:11:38","slug":"microbiome-cuir-chevelu","status":"publish","type":"post","link":"https:\/\/pipeska.fr\/es\/microbiome-cuir-chevelu\/","title":{"rendered":"Microbioma del cuero cabelludo: el ecosistema vivo que protege el cabello texturizado"},"content":{"rendered":"<div data-elementor-type=\"wp-post\" data-elementor-id=\"6884\" class=\"elementor elementor-6884\">\n\t\t\t\t<div class=\"elementor-element elementor-element-e9c7fe1 e-con-full e-flex wpr-particle-no wpr-jarallax-no wpr-parallax-no wpr-sticky-section-no wpr-column-slider-no wpr-equal-height-no e-con e-parent\" data-id=\"e9c7fe1\" data-element_type=\"container\" data-e-type=\"container\">\n\t\t\t\t<div class=\"elementor-element elementor-element-a6ab8de elementor-widget elementor-widget-image\" data-id=\"a6ab8de\" data-element_type=\"widget\" data-e-type=\"widget\" data-widget_type=\"image.default\">\n\t\t\t\t\t\t\t\t\t\t\t\t\t\t\t<img fetchpriority=\"high\" decoding=\"async\" width=\"1024\" height=\"576\" src=\"https:\/\/pipeska.fr\/wp-content\/uploads\/2026\/05\/Site-Web-Portfolio-dAgence-de-marque-Elegant-et-Monochrome-en-Noir-et-Blanc-4.jpg\" class=\"attachment-large size-large wp-image-6888\" alt=\"\" srcset=\"https:\/\/pipeska.fr\/wp-content\/uploads\/2026\/05\/Site-Web-Portfolio-dAgence-de-marque-Elegant-et-Monochrome-en-Noir-et-Blanc-4.jpg 1366w, https:\/\/pipeska.fr\/wp-content\/uploads\/2026\/05\/Site-Web-Portfolio-dAgence-de-marque-Elegant-et-Monochrome-en-Noir-et-Blanc-4-1000x562.jpg 1000w\" sizes=\"(max-width: 1024px) 100vw, 1024px\" \/>\t\t\t\t\t\t\t\t\t\t\t\t\t\t\t<\/div>\n\t\t\t\t<\/div>\n\t\t<div class=\"elementor-element elementor-element-20776a4 e-flex e-con-boxed wpr-particle-no wpr-jarallax-no wpr-parallax-no wpr-sticky-section-no wpr-column-slider-no wpr-equal-height-no e-con e-parent\" data-id=\"20776a4\" data-element_type=\"container\" data-e-type=\"container\">\n\t\t\t\t\t<div class=\"e-con-inner\">\n\t\t\t\t<div class=\"elementor-element elementor-element-685e6ed elementor-widget elementor-widget-text-editor\" data-id=\"685e6ed\" data-element_type=\"widget\" data-e-type=\"widget\" data-widget_type=\"text-editor.default\">\n\t\t\t\t\t\t\t\t\t<h1 style=\"text-align: center;\">Microbioma del cuero cabelludo: explicado de forma sencilla<\/h1>\t\t\t\t\t\t\t\t<\/div>\n\t\t\t\t\t<\/div>\n\t\t\t\t<\/div>\n\t\t<div class=\"elementor-element elementor-element-8451fc7 e-flex e-con-boxed wpr-particle-no wpr-jarallax-no wpr-parallax-no wpr-sticky-section-no wpr-column-slider-no wpr-equal-height-no e-con e-parent\" data-id=\"8451fc7\" data-element_type=\"container\" data-e-type=\"container\">\n\t\t\t\t\t<div class=\"e-con-inner\">\n\t\t\t\t<div class=\"elementor-element elementor-element-6e47c21 elementor-widget elementor-widget-text-editor\" data-id=\"6e47c21\" data-element_type=\"widget\" data-e-type=\"widget\" data-widget_type=\"text-editor.default\">\n\t\t\t\t\t\t\t\t\t<p>\u00bfQu\u00e9 es?\n\nImagina tu cuero cabelludo como un peque\u00f1o jard\u00edn vivo compuesto por miles de millones de microorganismos buenos. <strong>A esto lo llamamos microbioma.<\/strong>Este mini ecosistema trabaja todos los d\u00edas para:\nProteger tu piel, Calmar la irritaci\u00f3n y Mantener tus fol\u00edculos capilares sanos. <strong>El microbioma,<\/strong>Invisible a simple vista, pero esencial para el equilibrio  del cuero cabelludo; act\u00faa como una barrera de protection. <strong>El desaf\u00edo del cabello con textura:<\/strong> Como el cabello rizado, crespo y afro tiene forma de espiral, el sebo natural (nuestro hidratante protector) tiene m\u00e1s dificultad para viajar desde la ra\u00edz hasta las puntas. Esto hace que el cuero cabelludo sea:  M\u00e1s delicado, Propenso a la sequedad, F\u00e1cil de irritar.<\/p><p>- <strong>La clave del equilibrio:<\/strong>El cuero cabelludo no es solo la base que sostiene la melena; es un ecosistema vivo y delicado.  Cuando aprendemos a escuchar ese microbioma invisible y a tratarlo con el respeto que merece, todo cambia. No se trata de aplicar capas y capas de productos, sino de devolverle la calma a la ra\u00edz para que la fibra respire.<\/p><div>\u00a0<\/div>\t\t\t\t\t\t\t\t<\/div>\n\t\t\t\t\t<\/div>\n\t\t\t\t<\/div>\n\t\t<div class=\"elementor-element elementor-element-5fd6ed1 e-flex e-con-boxed wpr-particle-no wpr-jarallax-no wpr-parallax-no wpr-sticky-section-no wpr-column-slider-no wpr-equal-height-no e-con e-parent\" data-id=\"5fd6ed1\" data-element_type=\"container\" data-e-type=\"container\">\n\t\t\t\t\t<div class=\"e-con-inner\">\n\t\t<div class=\"elementor-element elementor-element-1fb3f1c e-con-full e-flex wpr-particle-no wpr-jarallax-no wpr-parallax-no wpr-sticky-section-no wpr-column-slider-no wpr-equal-height-no e-con e-child\" data-id=\"1fb3f1c\" data-element_type=\"container\" data-e-type=\"container\">\n\t\t\t\t<div class=\"elementor-element elementor-element-d6b58c4 elementor-widget elementor-widget-spacer\" data-id=\"d6b58c4\" data-element_type=\"widget\" data-e-type=\"widget\" data-widget_type=\"spacer.default\">\n\t\t\t\t\t\t\t<div class=\"elementor-spacer\">\n\t\t\t<div class=\"elementor-spacer-inner\"><\/div>\n\t\t<\/div>\n\t\t\t\t\t\t<\/div>\n\t\t\t\t<div class=\"elementor-element elementor-element-c637bf6 elementor-widget elementor-widget-image\" data-id=\"c637bf6\" data-element_type=\"widget\" data-e-type=\"widget\" data-widget_type=\"image.default\">\n\t\t\t\t\t\t\t\t\t\t\t\t\t\t\t<img decoding=\"async\" width=\"1024\" height=\"683\" data-src=\"https:\/\/pipeska.fr\/wp-content\/uploads\/2026\/05\/Copilot_20260518_225853.jpg\" class=\"attachment-large size-large wp-image-6889 lazyload\" alt=\"\" data-srcset=\"https:\/\/pipeska.fr\/wp-content\/uploads\/2026\/05\/Copilot_20260518_225853.jpg 1536w, https:\/\/pipeska.fr\/wp-content\/uploads\/2026\/05\/Copilot_20260518_225853-1000x667.jpg 1000w\" data-sizes=\"(max-width: 1024px) 100vw, 1024px\" src=\"data:image\/svg+xml;base64,PHN2ZyB3aWR0aD0iMSIgaGVpZ2h0PSIxIiB4bWxucz0iaHR0cDovL3d3dy53My5vcmcvMjAwMC9zdmciPjwvc3ZnPg==\" style=\"--smush-placeholder-width: 1024px; --smush-placeholder-aspect-ratio: 1024\/683;\" \/>\t\t\t\t\t\t\t\t\t\t\t\t\t\t\t<\/div>\n\t\t\t\t<\/div>\n\t\t<div class=\"elementor-element elementor-element-bd2040a e-con-full e-flex wpr-particle-no wpr-jarallax-no wpr-parallax-no wpr-sticky-section-no wpr-column-slider-no wpr-equal-height-no e-con e-child\" data-id=\"bd2040a\" data-element_type=\"container\" data-e-type=\"container\">\n\t\t\t\t<div class=\"elementor-element elementor-element-0bef7af elementor-widget elementor-widget-text-editor\" data-id=\"0bef7af\" data-element_type=\"widget\" data-e-type=\"widget\" data-widget_type=\"text-editor.default\">\n\t\t\t\t\t\t\t\t\t<h2>Cuando el cuero cabelludo se desequilibra: causas y se\u00f1ales<\/h2><p>Nuestro microbioma es s\u00faper sensible y reacciona a casi todo lo que hacemos en el d\u00eda a d\u00eda:<\/p><ul><li><p>El estr\u00e9s<\/p><\/li><li><p>La contaminaci\u00f3n<\/p><\/li><li><p>El agua de la ducha (si es muy dura)<\/p><\/li><li><p>Shampoos demasiado agresivos<\/p><\/li><li><p>Lavar el cabello con demasiada frecuencia<\/p><\/li><li><p>El uso constante de calor<\/p><\/li><li><p>Peinados muy apretados (como trenzas o coletas tirantes)<\/p><\/li><\/ul><p>Cuando este equilibrio est\u00e1 alterado, el cuero cabelludo env\u00eda se\u00f1ales: picor, caspa, exceso de sebo, sequedad, placas, incomodidad. Cuando se respeta el equilibrio, este permanece <strong>tranquilo, hidratado, estable,<\/strong>el cabello crece en mejores condiciones.<\/p>\t\t\t\t\t\t\t\t<\/div>\n\t\t\t\t<\/div>\n\t\t\t\t\t<\/div>\n\t\t\t\t<\/div>\n\t\t<div class=\"elementor-element elementor-element-6871f0c e-flex e-con-boxed wpr-particle-no wpr-jarallax-no wpr-parallax-no wpr-sticky-section-no wpr-column-slider-no wpr-equal-height-no e-con e-parent\" data-id=\"6871f0c\" data-element_type=\"container\" data-e-type=\"container\">\n\t\t\t\t\t<div class=\"e-con-inner\">\n\t\t\t\t<div class=\"elementor-element elementor-element-79e83f4 elementor-widget elementor-widget-spacer\" data-id=\"79e83f4\" data-element_type=\"widget\" data-e-type=\"widget\" data-widget_type=\"spacer.default\">\n\t\t\t\t\t\t\t<div class=\"elementor-spacer\">\n\t\t\t<div class=\"elementor-spacer-inner\"><\/div>\n\t\t<\/div>\n\t\t\t\t\t\t<\/div>\n\t\t\t\t<div class=\"elementor-element elementor-element-d2f804d elementor-widget elementor-widget-text-editor\" data-id=\"d2f804d\" data-element_type=\"widget\" data-e-type=\"widget\" data-widget_type=\"text-editor.default\">\n\t\t\t\t\t\t\t\t\t<h3>C\u00f3mo reequilibrar el microbioma de forma natural <a href=\"https:\/\/www.sciencedirect.com\/topics\/medicine-and-dentistry\/hair-structure?utm_source=copilot.com\" target=\"_blank\" rel=\"noopener\">le microbiome<\/a> naturellement<\/h3><p>El cabello texturado \u2014ondulado, rizado, crespo y afro\u2014 tiene una estructura \u00fanica. Su forma en espiral crea zonas m\u00e1s secas, fr\u00e1giles y sensibles a las alteraciones del microbioma. El cuero cabelludo puede perder hidrataci\u00f3n, volverse reactivo o irritarse, especialmente si los tratamientos utilizados son demasiado agresivos.<\/p><p>Proteger el microbioma es ofrecerle a tu melena:<\/p><ul><li><p>Retiene mejor la hidrataci\u00f3n<\/p><\/li><li><p>Se siente calmado y sin picor<\/p><\/li><li><p>Crece de forma m\u00e1s constante<\/p><\/li><li><p>Se rompe mucho menos<\/p><\/li><li><p>Se despide de la caspa<\/p><\/li><li><p>Se vuelve m\u00e1s fuerte y resistente<\/p><\/li><\/ul><p>Para mantenerlo feiz: <strong>el secreto,<\/strong>un gesto de amor y <strong>cuidado<\/strong>.<\/p><h3>\u00a0<\/h3><h3>Microbioma sano = Pelo saludable<\/h3><p>A tu cuero cabelludo le gusta lo sencillo. Prefiere los gestos tranquilos y los productos naturales que lo cuidan de verdad.<\/p><p>Lo que tu cabello necesita para estar en equilibrio:<\/p><ul><li><p>- <strong>F\u00f3rmulas sin sulfatos<\/strong>,<\/p><\/li><li><p>- <strong>Productos sin siliconas pesadas<\/strong>,<\/p><\/li><li><p>- <strong>Aceites naturales<\/strong>,<\/p><\/li><li><p>- <strong>mantecas org\u00e1nicas<\/strong>,<\/p><\/li><li><p>- <strong>activos bot\u00e1nicos<\/strong>,<\/p><\/li><li><p>- <strong>Vitaminas antioxidantes<\/strong>,<\/p><\/li><li><p>- <strong>Aceites esenciales suaves<\/strong>.<\/p><\/li><\/ul><p>Estos ingredientes nutren sin asfixiar, hidratan sin agredir y protegen sin alterar el equilibrio.<\/p><div>\u00a0<\/div>\t\t\t\t\t\t\t\t<\/div>\n\t\t\t\t<div class=\"elementor-element elementor-element-cbb03e7 elementor-widget elementor-widget-spacer\" data-id=\"cbb03e7\" data-element_type=\"widget\" data-e-type=\"widget\" data-widget_type=\"spacer.default\">\n\t\t\t\t\t\t\t<div class=\"elementor-spacer\">\n\t\t\t<div class=\"elementor-spacer-inner\"><\/div>\n\t\t<\/div>\n\t\t\t\t\t\t<\/div>\n\t\t\t\t\t<\/div>\n\t\t\t\t<\/div>\n\t\t<div class=\"elementor-element elementor-element-1657c60 e-flex e-con-boxed wpr-particle-no wpr-jarallax-no wpr-parallax-no wpr-sticky-section-no wpr-column-slider-no wpr-equal-height-no e-con e-parent\" data-id=\"1657c60\" data-element_type=\"container\" data-e-type=\"container\">\n\t\t\t\t\t<div class=\"e-con-inner\">\n\t\t<div class=\"elementor-element elementor-element-c76a285 e-con-full e-flex wpr-particle-no wpr-jarallax-no wpr-parallax-no wpr-sticky-section-no wpr-column-slider-no wpr-equal-height-no e-con e-child\" data-id=\"c76a285\" data-element_type=\"container\" data-e-type=\"container\">\n\t\t\t\t<div class=\"elementor-element elementor-element-2d96b65 elementor-widget elementor-widget-text-editor\" data-id=\"2d96b65\" data-element_type=\"widget\" data-e-type=\"widget\" data-widget_type=\"text-editor.default\">\n\t\t\t\t\t\t\t\t\t<h3>Los rituales caribe\u00f1os:  cuidan el microbioma<\/h3><p>En las tradiciones caribe\u00f1as, cuidar el cuero cabelludo es todo un ritual. Se masajea, se observa, se respira y se deja que el tiempo act\u00fae.<\/p><p>Estos gestos ancestrales apoyan tu equilibrio naturalmente<\/p><ul><li><p><strong>El masaje capilar<\/strong> estimula la microcirculaci\u00f3n<\/p><\/li><li><p><strong>Los ba\u00f1os de aceites<\/strong> nutren la barrera cut\u00e1nea<\/p><\/li><li><p><strong>Las plantas tropicales<\/strong> calman y equilibran<\/p><\/li><li><p><strong>Las texturas suaves<\/strong> respetan la fibra capilar<\/p><\/li><\/ul><p>Esta forma de cuidarse, pausada, sensorial y conectada con la naturaleza, coincide exactamente con lo que hoy demuestra la ciencia moderna sobre el microbioma.<\/p><div>\u00a0<\/div>\t\t\t\t\t\t\t\t<\/div>\n\t\t\t\t<\/div>\n\t\t<div class=\"elementor-element elementor-element-3cde371 e-con-full e-flex wpr-particle-no wpr-jarallax-no wpr-parallax-no wpr-sticky-section-no wpr-column-slider-no wpr-equal-height-no e-con e-child\" data-id=\"3cde371\" data-element_type=\"container\" data-e-type=\"container\">\n\t\t<div class=\"elementor-element elementor-element-dd15c43 e-con-full e-flex wpr-particle-no wpr-jarallax-no wpr-parallax-no wpr-sticky-section-no wpr-column-slider-no wpr-equal-height-no e-con e-child\" data-id=\"dd15c43\" data-element_type=\"container\" data-e-type=\"container\">\n\t\t\t\t<div class=\"elementor-element elementor-element-9b29506 elementor-widget elementor-widget-image\" data-id=\"9b29506\" data-element_type=\"widget\" data-e-type=\"widget\" data-widget_type=\"image.default\">\n\t\t\t\t\t\t\t\t\t\t\t\t<figure class=\"wp-caption\">\n\t\t\t\t\t\t\t\t\t\t<img decoding=\"async\" width=\"952\" height=\"372\" data-src=\"https:\/\/pipeska.fr\/wp-content\/uploads\/2026\/04\/Soins-naturels-pour-cheveux-textures-et-cepus-Bio-fabrique-en-France-\u00b7-Caribbean-Inspired-1-e1785322205107.jpg\" class=\"attachment-large size-large wp-image-5501 lazyload\" alt=\"\" src=\"data:image\/svg+xml;base64,PHN2ZyB3aWR0aD0iMSIgaGVpZ2h0PSIxIiB4bWxucz0iaHR0cDovL3d3dy53My5vcmcvMjAwMC9zdmciPjwvc3ZnPg==\" style=\"--smush-placeholder-width: 952px; --smush-placeholder-aspect-ratio: 952\/372;\" \/>\t\t\t\t\t\t\t\t\t\t\t<figcaption class=\"widget-image-caption wp-caption-text\">Fuente cient\u00edfica: ScienceDirect \u2013 Hair Structure   https:\/\/www.sciencedirect.com\/topics\/medicine-and-dentistry\/hair-structure<\/figcaption>\n\t\t\t\t\t\t\t\t\t\t<\/figure>\n\t\t\t\t\t\t\t\t\t<\/div>\n\t\t\t\t<\/div>\n\t\t<div class=\"elementor-element elementor-element-e702ca4 e-con-full e-flex wpr-particle-no wpr-jarallax-no wpr-parallax-no wpr-sticky-section-no wpr-column-slider-no wpr-equal-height-no e-con e-child\" data-id=\"e702ca4\" data-element_type=\"container\" data-e-type=\"container\">\n\t\t\t\t<div class=\"elementor-element elementor-element-0aa4626 elementor-widget elementor-widget-text-editor\" data-id=\"0aa4626\" data-element_type=\"widget\" data-e-type=\"widget\" data-widget_type=\"text-editor.default\">\n\t\t\t\t\t\t\t\t\t<p>\u00a0<\/p><div>\u00a0<\/div>\t\t\t\t\t\t\t\t<\/div>\n\t\t\t\t<\/div>\n\t\t\t\t<\/div>\n\t\t\t\t\t<\/div>\n\t\t\t\t<\/div>\n\t\t<div class=\"elementor-element elementor-element-f36d620 e-flex e-con-boxed wpr-particle-no wpr-jarallax-no wpr-parallax-no wpr-sticky-section-no wpr-column-slider-no wpr-equal-height-no e-con e-parent\" data-id=\"f36d620\" data-element_type=\"container\" data-e-type=\"container\">\n\t\t\t\t\t<div class=\"e-con-inner\">\n\t\t<div class=\"elementor-element elementor-element-879dc7a e-con-full e-flex wpr-particle-no wpr-jarallax-no wpr-parallax-no wpr-sticky-section-no wpr-column-slider-no wpr-equal-height-no e-con e-child\" data-id=\"879dc7a\" data-element_type=\"container\" data-e-type=\"container\">\n\t\t\t\t<div class=\"elementor-element elementor-element-4e8ac12 elementor-widget elementor-widget-spacer\" data-id=\"4e8ac12\" data-element_type=\"widget\" data-e-type=\"widget\" data-widget_type=\"spacer.default\">\n\t\t\t\t\t\t\t<div class=\"elementor-spacer\">\n\t\t\t<div class=\"elementor-spacer-inner\"><\/div>\n\t\t<\/div>\n\t\t\t\t\t\t<\/div>\n\t\t\t\t<div class=\"elementor-element elementor-element-102b679 elementor-widget elementor-widget-image\" data-id=\"102b679\" data-element_type=\"widget\" data-e-type=\"widget\" data-widget_type=\"image.default\">\n\t\t\t\t\t\t\t\t\t\t\t\t\t\t\t<img decoding=\"async\" width=\"1024\" height=\"683\" data-src=\"https:\/\/pipeska.fr\/wp-content\/uploads\/2026\/05\/Copilot_20260517_222318-1-1-1.jpg\" class=\"attachment-large size-large wp-image-6733 lazyload\" alt=\"\" data-srcset=\"https:\/\/pipeska.fr\/wp-content\/uploads\/2026\/05\/Copilot_20260517_222318-1-1-1.jpg 1536w, https:\/\/pipeska.fr\/wp-content\/uploads\/2026\/05\/Copilot_20260517_222318-1-1-1-1000x667.jpg 1000w\" data-sizes=\"(max-width: 1024px) 100vw, 1024px\" src=\"data:image\/svg+xml;base64,PHN2ZyB3aWR0aD0iMSIgaGVpZ2h0PSIxIiB4bWxucz0iaHR0cDovL3d3dy53My5vcmcvMjAwMC9zdmciPjwvc3ZnPg==\" style=\"--smush-placeholder-width: 1024px; --smush-placeholder-aspect-ratio: 1024\/683;\" \/>\t\t\t\t\t\t\t\t\t\t\t\t\t\t\t<\/div>\n\t\t\t\t<\/div>\n\t\t<div class=\"elementor-element elementor-element-10f6407 e-con-full e-flex wpr-particle-no wpr-jarallax-no wpr-parallax-no wpr-sticky-section-no wpr-column-slider-no wpr-equal-height-no e-con e-child\" data-id=\"10f6407\" data-element_type=\"container\" data-e-type=\"container\">\n\t\t\t\t<div class=\"elementor-element elementor-element-0fac809 elementor-widget elementor-widget-text-editor\" data-id=\"0fac809\" data-element_type=\"widget\" data-e-type=\"widget\" data-widget_type=\"text-editor.default\">\n\t\t\t\t\t\t\t\t\t<h3>Activos suaves y plantas caribe\u00f1as Pipeska<\/h3><p>Algunos ingredientes naturales est\u00e1n especialmente adaptados para cuidar el cabello texturado:<\/p><ul><li><p><strong>Manteca de karit\u00e9<\/strong> \u2014 nutre, protege y refuerza la barrera cut\u00e1nea.<\/p><\/li><li><p><strong>Aceite de almendras dulces<\/strong> \u2014 calma las irritaciones y suaviza la piel.<\/p><\/li><li><p><strong>Vitamina E<\/strong> \u2014 antioxidante natural que protege frente a las agresiones externas.<\/p><\/li><li><p><strong>Ylang\u2011ylang<\/strong> \u2014 equilibra el cuero cabelludo y aporta un perfume delicado.<\/p><\/li><li><p><strong>Aloe vera<\/strong> \u2014 hidrata, calma y repara.<\/p><\/li><li><p><strong>Arrow\u2011root<\/strong> \u2014 aporta un tacto seco y evita el efecto graso.<\/p><\/li><\/ul><p>Estos activos cuidan el microbioma sin alterarlo.<\/p><div>\u00a0<\/div>\t\t\t\t\t\t\t\t<\/div>\n\t\t\t\t<\/div>\n\t\t\t\t\t<\/div>\n\t\t\t\t<\/div>\n\t\t<div class=\"elementor-element elementor-element-df7ab3a e-flex e-con-boxed wpr-particle-no wpr-jarallax-no wpr-parallax-no wpr-sticky-section-no wpr-column-slider-no wpr-equal-height-no e-con e-parent\" data-id=\"df7ab3a\" data-element_type=\"container\" data-e-type=\"container\">\n\t\t\t\t\t<div class=\"e-con-inner\">\n\t\t<div class=\"elementor-element elementor-element-5fbfaaa e-con-full e-flex wpr-particle-no wpr-jarallax-no wpr-parallax-no wpr-sticky-section-no wpr-column-slider-no wpr-equal-height-no e-con e-child\" data-id=\"5fbfaaa\" data-element_type=\"container\" data-e-type=\"container\">\n\t\t\t\t<div class=\"elementor-element elementor-element-277eca3 elementor-widget elementor-widget-text-editor\" data-id=\"277eca3\" data-element_type=\"widget\" data-e-type=\"widget\" data-widget_type=\"text-editor.default\">\n\t\t\t\t\t\t\t\t\t<h3>\u00a0<\/h3><h3>Adapta tu rutina para cuidar el microbioma<\/h3><p>Para proteger este ecosistema vivo, solo hacen falta unos cuantos gestos sencillos:<\/p><ul><li><p>Espaciar los lavados<\/p><\/li><li><p>Elegir champ\u00fas suaves<\/p><\/li><li><p>Maseajear el cuero cabelludo con regularidad<\/p><\/li><li><p>Evitar los peinados demasiado ajustados<\/p><\/li><li><p>Limitar el uso de calor<\/p><\/li><li><p>Hidratar la fibra entre lavados<\/p><\/li><li><p>Optar por f\u00f3rmulas naturales y minimalistas<\/p><\/li><\/ul><p>A tu microbioma le encanta <strong>la coherencia,<\/strong>y la <strong>la suavidad<\/strong>y la <strong>constancia<\/strong>.<\/p><div>\u00a0<\/div><h3>Microbioma y belleza lenta: la filosof\u00eda Pipeska<\/h3><p>En Pipeska creemos que la belleza empieza por observar y escuchar tu propio cuero cabelludo. <strong>El microbioma,<\/strong>nos ense\u00f1a que el equilibrio no se consigue de la noche a la ma\u00f1ana, sino cuid\u00e1ndolo con calma y constancia d\u00eda a d\u00eda.<\/p><p>Honrar el microbioma es respetar la naturaleza \u00fanica de tu cabello.<\/p><ul><li><p><span style=\"white-space: pre-wrap;\"><em>Descubre c\u00f3mo el microbioma influye en la salud y la belleza del cabello en nuestro art\u00edculo sobre <\/em><em><span tabindex=\"0\" role=\"button\" data-url=\"ca:\/\/s?q=Rituels_capillaires_Pipeska\">article sur les <a href=\"https:\/\/pipeska.fr\/es\/rituel-capillaire-caribeen\/\" target=\"_blank\" rel=\"noopener\">rituales capilares.<\/a><\/span><\/em><em>.<\/em><\/span><\/p><\/li><li><p><em>Aprende a distinguir entre <\/em><a href=\"https:\/\/pipeska.fr\/es\/routine-capillaire-adaptogene-2\/\" target=\"_blank\" rel=\"noopener\"><em>hidrataci\u00f3n y nutrici\u00f3n<\/em><\/a><em> para restaurar la flexibilidad natural de tus rizos 2b  a 4C.<\/em><\/p><\/li><\/ul>\t\t\t\t\t\t\t\t<\/div>\n\t\t\t\t<\/div>\n\t\t\t\t\t<\/div>\n\t\t\t\t<\/div>\n\t\t\t\t<\/div>","protected":false},"excerpt":{"rendered":"<p>Microbiome du cuir chevelu : comprendre cet \u00e9cosyst\u00e8me vivant Le cuir chevelu n\u2019est pas seulement une surface qui porte les cheveux. C\u2019est un \u00e9cosyst\u00e8me vivant, subtil et intelligent, compos\u00e9 de milliards de micro\u2011organismes naturels : bact\u00e9ries b\u00e9n\u00e9fiques, levures, micro\u2011champignons. Ensemble, ils forment ce que l\u2019on appelle le microbiome du cuir chevelu. Invisible \u00e0 l\u2019\u0153il nu, mais essentiel \u00e0 l\u2019\u00e9quilibre de la fibre, ce microbiome agit comme une for\u00eat int\u00e9rieure : il prot\u00e8ge, r\u00e9gule, apaise et soutient la sant\u00e9 du cheveu. Pour les cheveux boucl\u00e9s, fris\u00e9s et cr\u00e9pus, cet \u00e9quilibre est encore plus pr\u00e9cieux. Leur forme en spirale ralentit la circulation du s\u00e9bum, ce qui rend le cuir chevelu plus sensible \u00e0 la s\u00e9cheresse, aux irritations et aux d\u00e9s\u00e9quilibres. Comprendre et respecter ce microbiome, c\u2019est donc honorer la nature profonde des textures. \u00a0 D\u00e9s\u00e9quilibre du microbiome du cuir chevelu : causes et signes Le microbiome r\u00e9agit \u00e0 tout : le stress, la pollution, l\u2019eau dure, les produits trop agressifs, les lavages trop fr\u00e9quents, la chaleur r\u00e9p\u00e9t\u00e9e, les coiffures trop serr\u00e9es. Lorsque cet \u00e9quilibre est perturb\u00e9, le cuir chevelu envoie des signaux : d\u00e9mangeaisons, pellicules, exc\u00e8s de s\u00e9bum, s\u00e9cheresse, plaques, inconfort. Lorsque l\u2019\u00e9quilibre est respect\u00e9, il reste calme, hydrat\u00e9, stable, et les cheveux poussent dans de meilleures conditions. Comment r\u00e9\u00e9quilibrer le microbiome naturellement Les cheveux textur\u00e9s \u2014 ondul\u00e9s, boucl\u00e9s, fris\u00e9s, cr\u00e9pus \u2014 ont une structure unique. Leur forme en spirale cr\u00e9e des zones plus s\u00e8ches, plus fragiles, plus sensibles aux variations du microbiome. Le cuir chevelu peut manquer d\u2019hydratation, devenir r\u00e9actif ou irrit\u00e9, surtout si les soins utilis\u00e9s sont trop d\u00e9capants. Prot\u00e9ger le microbiome, c\u2019est offrir aux textures : une meilleure r\u00e9tention d\u2019hydratation, un cuir chevelu apais\u00e9, une croissance plus r\u00e9guli\u00e8re, moins de casse, moins de pellicules, une fibre plus r\u00e9sistante. C\u2019est un geste de soin profond, mais aussi un geste de respect. \u00a0 Les soins doux : la cl\u00e9 pour pr\u00e9server le microbiome Le microbiome aime la simplicit\u00e9. Il se nourrit de gestes lents, de formules naturelles, de textures qui respectent la peau. Les soins qui pr\u00e9servent son \u00e9quilibre sont : les formules sans sulfates, les soins sans silicones occlusifs, les huiles v\u00e9g\u00e9tales l\u00e9g\u00e8res, les beurres naturels, les actifs botaniques, les vitamines antioxydantes, les huiles essentielles douces. Ces ingr\u00e9dients nourrissent sans \u00e9touffer, hydratent sans agresser, prot\u00e8gent sans d\u00e9s\u00e9quilibrer. \u00a0 Les rituels carib\u00e9ens : une sagesse qui soutient le microbiome Dans les traditions carib\u00e9ennes, le soin du cuir chevelu est un rituel. On masse, on observe, on respire, on laisse le temps agir. Ces gestes ancestraux soutiennent naturellement le microbiome : le massage capillaire stimule la micro\u2011circulation, les bains d\u2019huiles nourrissent la barri\u00e8re cutan\u00e9e, les plantes tropicales apaisent et \u00e9quilibrent, les textures douces respectent la fibre. Cette approche lente, sensorielle, connect\u00e9e \u00e0 la nature, rejoint parfaitement la science moderne du microbiome. \u00a0 Source scientifique : ScienceDirect \u2013 Hair Structure https:\/\/www.sciencedirect.com\/topics\/medicine-and-dentistry\/hair-structure \u00a0 \u00a0 Actifs doux et plantes carib\u00e9ennes Pipeska Certains ingr\u00e9dients naturels sont particuli\u00e8rement adapt\u00e9s aux cheveux textur\u00e9s : Beurre de karit\u00e9 \u2014 nourrit, prot\u00e8ge, renforce la barri\u00e8re cutan\u00e9e. Huile d\u2019amande douce \u2014 apaise les irritations, adoucit la peau. Vitamine E \u2014 antioxydant naturel, prot\u00e8ge des agressions ext\u00e9rieures. Ylang\u2011ylang \u2014 \u00e9quilibre le cuir chevelu, parfume d\u00e9licatement. Aloe vera \u2014 hydrate, calme, r\u00e9pare. Arrow\u2011root \u2014 apporte un toucher sec, \u00e9vite l\u2019effet gras. Ces actifs soutiennent le microbiome sans le perturber. \u00a0 \u00a0 Adapter sa routine pour respecter le microbiome Pour pr\u00e9server cet \u00e9cosyst\u00e8me vivant, quelques gestes simples suffisent : espacer les lavages, privil\u00e9gier les shampoings doux, masser le cuir chevelu r\u00e9guli\u00e8rement, \u00e9viter les coiffures trop serr\u00e9es, limiter la chaleur, hydrater la fibre entre les soins, choisir des formules naturelles et minimalistes. Le microbiome aime la coh\u00e9rence, la douceur, la r\u00e9gularit\u00e9. \u00a0 Microbiome &amp; beaut\u00e9 lente : une philosophie Pipeska Chez Pipeska, nous croyons que la beaut\u00e9 commence par l\u2019observation. Observer son cuir chevelu, \u00e9couter ses besoins, ralentir, respecter son rythme. Le microbiome nous rappelle que la beaut\u00e9 n\u2019est pas un r\u00e9sultat imm\u00e9diat, mais un \u00e9quilibre vivant, qui se construit jour apr\u00e8s jour. Honorer le microbiome, c\u2019est honorer la nature de chaque fibre. D\u00e9couvrez comment le microbiome influence la sant\u00e9 et la beaut\u00e9 des cheveux dans notre article sur les rituels capillaires. Apprenez \u00e0 distinguer hydratation et nutrition pour restaurer la souplesse naturelle des boucles 4C.<\/p>","protected":false},"author":1,"featured_media":0,"comment_status":"open","ping_status":"open","sticky":false,"template":"","format":"standard","meta":{"_uf_show_specific_survey":0,"_uf_disable_surveys":false,"footnotes":""},"categories":[243,247],"tags":[],"class_list":["post-6884","post","type-post","status-publish","format-standard","hentry","category-comprendre-ses-cheveux","category-science-capillaire"],"blocksy_meta":{"styles_descriptor":{"styles":{"desktop":"","tablet":"","mobile":""},"google_fonts":[],"version":7}},"yoast_head":"<!-- This site is optimized with the Yoast SEO plugin v28.3 - https:\/\/yoast.com\/product\/yoast-seo-wordpress\/ -->\n<title>Microbiome du cuir chevelu : r\u00f4le, \u00e9quilibre \/soins naturels Pipeska<\/title>\n<meta name=\"description\" content=\"Microbiome du cuir chevelu : d\u00e9couvrez comment restaurer son \u00e9quilibre pour r\u00e9duire irritations et renforcer la sant\u00e9 capillaire.\" \/>\n<meta name=\"robots\" content=\"index, follow, max-snippet:-1, max-image-preview:large, max-video-preview:-1\" \/>\n<link rel=\"canonical\" href=\"https:\/\/pipeska.fr\/es\/microbiome-cuir-chevelu\/\" \/>\n<meta property=\"og:locale\" content=\"es_ES\" \/>\n<meta property=\"og:type\" content=\"article\" \/>\n<meta property=\"og:title\" content=\"Microbiome du cuir chevelu : r\u00f4le, \u00e9quilibre \/soins naturels Pipeska\" \/>\n<meta property=\"og:description\" content=\"Microbiome du cuir chevelu : d\u00e9couvrez comment restaurer son \u00e9quilibre pour r\u00e9duire irritations et renforcer la sant\u00e9 capillaire.\" \/>\n<meta property=\"og:url\" content=\"https:\/\/pipeska.fr\/es\/microbiome-cuir-chevelu\/\" \/>\n<meta property=\"og:site_name\" content=\"Pipeska\" \/>\n<meta property=\"article:publisher\" content=\"https:\/\/www.facebook.com\/profile.php?id=100087425121203\" \/>\n<meta property=\"article:published_time\" content=\"2026-05-18T20:46:59+00:00\" \/>\n<meta property=\"article:modified_time\" content=\"2026-05-19T10:11:38+00:00\" \/>\n<meta property=\"og:image\" content=\"https:\/\/pipeska.fr\/wp-content\/uploads\/2026\/05\/Site-Web-Portfolio-dAgence-de-marque-Elegant-et-Monochrome-en-Noir-et-Blanc-4.jpg\" \/>\n\t<meta property=\"og:image:width\" content=\"1366\" \/>\n\t<meta property=\"og:image:height\" content=\"768\" \/>\n\t<meta property=\"og:image:type\" content=\"image\/jpeg\" \/>\n<meta name=\"author\" content=\"Morena\" \/>\n<meta name=\"twitter:card\" content=\"summary_large_image\" \/>\n<meta name=\"twitter:label1\" content=\"Escrito por\" \/>\n\t<meta name=\"twitter:data1\" content=\"Morena\" \/>\n\t<meta name=\"twitter:label2\" content=\"Tiempo de lectura\" \/>\n\t<meta name=\"twitter:data2\" content=\"4 minutos\" \/>\n<script type=\"application\/ld+json\" class=\"yoast-schema-graph\">{\"@context\":\"https:\\\/\\\/schema.org\",\"@graph\":[{\"@type\":\"Article\",\"@id\":\"https:\\\/\\\/pipeska.fr\\\/microbiome-cuir-chevelu\\\/#article\",\"isPartOf\":{\"@id\":\"https:\\\/\\\/pipeska.fr\\\/microbiome-cuir-chevelu\\\/\"},\"author\":{\"name\":\"Morena\",\"@id\":\"https:\\\/\\\/pipeska.fr\\\/#\\\/schema\\\/person\\\/798445eb43ba38a57fa580b65bdc0029\"},\"headline\":\"Microbiome du cuir chevelu : l\u2019\u00e9cosyst\u00e8me vivant qui prot\u00e8ge les cheveux textur\u00e9s\",\"datePublished\":\"2026-05-18T20:46:59+00:00\",\"dateModified\":\"2026-05-19T10:11:38+00:00\",\"mainEntityOfPage\":{\"@id\":\"https:\\\/\\\/pipeska.fr\\\/microbiome-cuir-chevelu\\\/\"},\"wordCount\":790,\"commentCount\":1,\"publisher\":{\"@id\":\"https:\\\/\\\/pipeska.fr\\\/#organization\"},\"image\":{\"@id\":\"https:\\\/\\\/pipeska.fr\\\/microbiome-cuir-chevelu\\\/#primaryimage\"},\"thumbnailUrl\":\"https:\\\/\\\/pipeska.fr\\\/wp-content\\\/uploads\\\/2026\\\/05\\\/Site-Web-Portfolio-dAgence-de-marque-Elegant-et-Monochrome-en-Noir-et-Blanc-4-1024x576.jpg\",\"articleSection\":[\"Comprendre ses Cheveux\",\"Science capillaire\"],\"inLanguage\":\"es\",\"potentialAction\":[{\"@type\":\"CommentAction\",\"name\":\"Comment\",\"target\":[\"https:\\\/\\\/pipeska.fr\\\/microbiome-cuir-chevelu\\\/#respond\"]}]},{\"@type\":\"WebPage\",\"@id\":\"https:\\\/\\\/pipeska.fr\\\/microbiome-cuir-chevelu\\\/\",\"url\":\"https:\\\/\\\/pipeska.fr\\\/microbiome-cuir-chevelu\\\/\",\"name\":\"Microbiome du cuir chevelu : r\u00f4le, \u00e9quilibre \\\/soins naturels Pipeska\",\"isPartOf\":{\"@id\":\"https:\\\/\\\/pipeska.fr\\\/#website\"},\"primaryImageOfPage\":{\"@id\":\"https:\\\/\\\/pipeska.fr\\\/microbiome-cuir-chevelu\\\/#primaryimage\"},\"image\":{\"@id\":\"https:\\\/\\\/pipeska.fr\\\/microbiome-cuir-chevelu\\\/#primaryimage\"},\"thumbnailUrl\":\"https:\\\/\\\/pipeska.fr\\\/wp-content\\\/uploads\\\/2026\\\/05\\\/Site-Web-Portfolio-dAgence-de-marque-Elegant-et-Monochrome-en-Noir-et-Blanc-4-1024x576.jpg\",\"datePublished\":\"2026-05-18T20:46:59+00:00\",\"dateModified\":\"2026-05-19T10:11:38+00:00\",\"description\":\"Microbiome du cuir chevelu : d\u00e9couvrez comment restaurer son \u00e9quilibre pour r\u00e9duire irritations et renforcer la sant\u00e9 capillaire.\",\"breadcrumb\":{\"@id\":\"https:\\\/\\\/pipeska.fr\\\/microbiome-cuir-chevelu\\\/#breadcrumb\"},\"inLanguage\":\"es\",\"potentialAction\":[{\"@type\":\"ReadAction\",\"target\":[\"https:\\\/\\\/pipeska.fr\\\/microbiome-cuir-chevelu\\\/\"]}]},{\"@type\":\"ImageObject\",\"inLanguage\":\"es\",\"@id\":\"https:\\\/\\\/pipeska.fr\\\/microbiome-cuir-chevelu\\\/#primaryimage\",\"url\":\"https:\\\/\\\/pipeska.fr\\\/wp-content\\\/uploads\\\/2026\\\/05\\\/Site-Web-Portfolio-dAgence-de-marque-Elegant-et-Monochrome-en-Noir-et-Blanc-4-1024x576.jpg\",\"contentUrl\":\"https:\\\/\\\/pipeska.fr\\\/wp-content\\\/uploads\\\/2026\\\/05\\\/Site-Web-Portfolio-dAgence-de-marque-Elegant-et-Monochrome-en-Noir-et-Blanc-4-1024x576.jpg\"},{\"@type\":\"BreadcrumbList\",\"@id\":\"https:\\\/\\\/pipeska.fr\\\/microbiome-cuir-chevelu\\\/#breadcrumb\",\"itemListElement\":[{\"@type\":\"ListItem\",\"position\":1,\"name\":\"Accueil\",\"item\":\"https:\\\/\\\/pipeska.fr\\\/\"},{\"@type\":\"ListItem\",\"position\":2,\"name\":\"Microbiome du cuir chevelu : l\u2019\u00e9cosyst\u00e8me vivant qui prot\u00e8ge les cheveux textur\u00e9s\"}]},{\"@type\":\"WebSite\",\"@id\":\"https:\\\/\\\/pipeska.fr\\\/#website\",\"url\":\"https:\\\/\\\/pipeska.fr\\\/\",\"name\":\"Pipeska\",\"description\":\"Bio - Made in France - Caribbean Inspired\",\"publisher\":{\"@id\":\"https:\\\/\\\/pipeska.fr\\\/#organization\"},\"potentialAction\":[{\"@type\":\"SearchAction\",\"target\":{\"@type\":\"EntryPoint\",\"urlTemplate\":\"https:\\\/\\\/pipeska.fr\\\/?s={search_term_string}\"},\"query-input\":{\"@type\":\"PropertyValueSpecification\",\"valueRequired\":true,\"valueName\":\"search_term_string\"}}],\"inLanguage\":\"es\"},{\"@type\":\"Organization\",\"@id\":\"https:\\\/\\\/pipeska.fr\\\/#organization\",\"name\":\"Pipeska\",\"url\":\"https:\\\/\\\/pipeska.fr\\\/\",\"logo\":{\"@type\":\"ImageObject\",\"inLanguage\":\"es\",\"@id\":\"https:\\\/\\\/pipeska.fr\\\/#\\\/schema\\\/logo\\\/image\\\/\",\"url\":\"https:\\\/\\\/pipeska.fr\\\/wp-content\\\/uploads\\\/2024\\\/11\\\/Pipeska_logo_noir_fondtransparent.png\",\"contentUrl\":\"https:\\\/\\\/pipeska.fr\\\/wp-content\\\/uploads\\\/2024\\\/11\\\/Pipeska_logo_noir_fondtransparent.png\",\"width\":1771,\"height\":1181,\"caption\":\"Pipeska\"},\"image\":{\"@id\":\"https:\\\/\\\/pipeska.fr\\\/#\\\/schema\\\/logo\\\/image\\\/\"},\"sameAs\":[\"https:\\\/\\\/www.facebook.com\\\/profile.php?id=100087425121203\",\"https:\\\/\\\/www.instagram.com\\\/pipeskacosmetiques\\\/\"]},{\"@type\":\"Person\",\"@id\":\"https:\\\/\\\/pipeska.fr\\\/#\\\/schema\\\/person\\\/798445eb43ba38a57fa580b65bdc0029\",\"name\":\"Morena\",\"image\":{\"@type\":\"ImageObject\",\"inLanguage\":\"es\",\"@id\":\"https:\\\/\\\/secure.gravatar.com\\\/avatar\\\/82e3c245bcbfc2739807c608e824670b3962d13779094fc4f0c4d66755194d02?s=96&d=mm&r=g\",\"url\":\"https:\\\/\\\/secure.gravatar.com\\\/avatar\\\/82e3c245bcbfc2739807c608e824670b3962d13779094fc4f0c4d66755194d02?s=96&d=mm&r=g\",\"contentUrl\":\"https:\\\/\\\/secure.gravatar.com\\\/avatar\\\/82e3c245bcbfc2739807c608e824670b3962d13779094fc4f0c4d66755194d02?s=96&d=mm&r=g\",\"caption\":\"Morena\"},\"sameAs\":[\"https:\\\/\\\/pipeska.fr\"],\"url\":\"https:\\\/\\\/pipeska.fr\\\/es\\\/author\\\/yaniris\\\/\"}]}<\/script>\n<!-- \/ Yoast SEO plugin. -->","yoast_head_json":{"title":"Microbiome du cuir chevelu : r\u00f4le, \u00e9quilibre \/soins naturels Pipeska","description":"Microbiome du cuir chevelu : d\u00e9couvrez comment restaurer son \u00e9quilibre pour r\u00e9duire irritations et renforcer la sant\u00e9 capillaire.","robots":{"index":"index","follow":"follow","max-snippet":"max-snippet:-1","max-image-preview":"max-image-preview:large","max-video-preview":"max-video-preview:-1"},"canonical":"https:\/\/pipeska.fr\/es\/microbiome-cuir-chevelu\/","og_locale":"es_ES","og_type":"article","og_title":"Microbiome du cuir chevelu : r\u00f4le, \u00e9quilibre \/soins naturels Pipeska","og_description":"Microbiome du cuir chevelu : d\u00e9couvrez comment restaurer son \u00e9quilibre pour r\u00e9duire irritations et renforcer la sant\u00e9 capillaire.","og_url":"https:\/\/pipeska.fr\/es\/microbiome-cuir-chevelu\/","og_site_name":"Pipeska","article_publisher":"https:\/\/www.facebook.com\/profile.php?id=100087425121203","article_published_time":"2026-05-18T20:46:59+00:00","article_modified_time":"2026-05-19T10:11:38+00:00","og_image":[{"width":1366,"height":768,"url":"https:\/\/pipeska.fr\/wp-content\/uploads\/2026\/05\/Site-Web-Portfolio-dAgence-de-marque-Elegant-et-Monochrome-en-Noir-et-Blanc-4.jpg","type":"image\/jpeg"}],"author":"Morena","twitter_card":"summary_large_image","twitter_misc":{"Escrito por":"Morena","Tiempo de lectura":"4 minutos"},"schema":{"@context":"https:\/\/schema.org","@graph":[{"@type":"Article","@id":"https:\/\/pipeska.fr\/microbiome-cuir-chevelu\/#article","isPartOf":{"@id":"https:\/\/pipeska.fr\/microbiome-cuir-chevelu\/"},"author":{"name":"Morena","@id":"https:\/\/pipeska.fr\/#\/schema\/person\/798445eb43ba38a57fa580b65bdc0029"},"headline":"Microbiome du cuir chevelu : l\u2019\u00e9cosyst\u00e8me vivant qui prot\u00e8ge les cheveux textur\u00e9s","datePublished":"2026-05-18T20:46:59+00:00","dateModified":"2026-05-19T10:11:38+00:00","mainEntityOfPage":{"@id":"https:\/\/pipeska.fr\/microbiome-cuir-chevelu\/"},"wordCount":790,"commentCount":1,"publisher":{"@id":"https:\/\/pipeska.fr\/#organization"},"image":{"@id":"https:\/\/pipeska.fr\/microbiome-cuir-chevelu\/#primaryimage"},"thumbnailUrl":"https:\/\/pipeska.fr\/wp-content\/uploads\/2026\/05\/Site-Web-Portfolio-dAgence-de-marque-Elegant-et-Monochrome-en-Noir-et-Blanc-4-1024x576.jpg","articleSection":["Comprendre ses Cheveux","Science capillaire"],"inLanguage":"es","potentialAction":[{"@type":"CommentAction","name":"Comment","target":["https:\/\/pipeska.fr\/microbiome-cuir-chevelu\/#respond"]}]},{"@type":"WebPage","@id":"https:\/\/pipeska.fr\/microbiome-cuir-chevelu\/","url":"https:\/\/pipeska.fr\/microbiome-cuir-chevelu\/","name":"Microbiome du cuir chevelu : r\u00f4le, \u00e9quilibre \/soins naturels Pipeska","isPartOf":{"@id":"https:\/\/pipeska.fr\/#website"},"primaryImageOfPage":{"@id":"https:\/\/pipeska.fr\/microbiome-cuir-chevelu\/#primaryimage"},"image":{"@id":"https:\/\/pipeska.fr\/microbiome-cuir-chevelu\/#primaryimage"},"thumbnailUrl":"https:\/\/pipeska.fr\/wp-content\/uploads\/2026\/05\/Site-Web-Portfolio-dAgence-de-marque-Elegant-et-Monochrome-en-Noir-et-Blanc-4-1024x576.jpg","datePublished":"2026-05-18T20:46:59+00:00","dateModified":"2026-05-19T10:11:38+00:00","description":"Microbiome du cuir chevelu : d\u00e9couvrez comment restaurer son \u00e9quilibre pour r\u00e9duire irritations et renforcer la sant\u00e9 capillaire.","breadcrumb":{"@id":"https:\/\/pipeska.fr\/microbiome-cuir-chevelu\/#breadcrumb"},"inLanguage":"es","potentialAction":[{"@type":"ReadAction","target":["https:\/\/pipeska.fr\/microbiome-cuir-chevelu\/"]}]},{"@type":"ImageObject","inLanguage":"es","@id":"https:\/\/pipeska.fr\/microbiome-cuir-chevelu\/#primaryimage","url":"https:\/\/pipeska.fr\/wp-content\/uploads\/2026\/05\/Site-Web-Portfolio-dAgence-de-marque-Elegant-et-Monochrome-en-Noir-et-Blanc-4-1024x576.jpg","contentUrl":"https:\/\/pipeska.fr\/wp-content\/uploads\/2026\/05\/Site-Web-Portfolio-dAgence-de-marque-Elegant-et-Monochrome-en-Noir-et-Blanc-4-1024x576.jpg"},{"@type":"BreadcrumbList","@id":"https:\/\/pipeska.fr\/microbiome-cuir-chevelu\/#breadcrumb","itemListElement":[{"@type":"ListItem","position":1,"name":"Accueil","item":"https:\/\/pipeska.fr\/"},{"@type":"ListItem","position":2,"name":"Microbiome du cuir chevelu : l\u2019\u00e9cosyst\u00e8me vivant qui prot\u00e8ge les cheveux textur\u00e9s"}]},{"@type":"WebSite","@id":"https:\/\/pipeska.fr\/#website","url":"https:\/\/pipeska.fr\/","name":"Pipeska,","description":"Bio - Made in France - Inspiraci\u00f3n caribe\u00f1a","publisher":{"@id":"https:\/\/pipeska.fr\/#organization"},"potentialAction":[{"@type":"SearchAction","target":{"@type":"EntryPoint","urlTemplate":"https:\/\/pipeska.fr\/?s={search_term_string}"},"query-input":{"@type":"PropertyValueSpecification","valueRequired":true,"valueName":"search_term_string"}}],"inLanguage":"es"},{"@type":"Organization","@id":"https:\/\/pipeska.fr\/#organization","name":"Pipeska,","url":"https:\/\/pipeska.fr\/","logo":{"@type":"ImageObject","inLanguage":"es","@id":"https:\/\/pipeska.fr\/#\/schema\/logo\/image\/","url":"https:\/\/pipeska.fr\/wp-content\/uploads\/2024\/11\/Pipeska_logo_noir_fondtransparent.png","contentUrl":"https:\/\/pipeska.fr\/wp-content\/uploads\/2024\/11\/Pipeska_logo_noir_fondtransparent.png","width":1771,"height":1181,"caption":"Pipeska"},"image":{"@id":"https:\/\/pipeska.fr\/#\/schema\/logo\/image\/"},"sameAs":["https:\/\/www.facebook.com\/profile.php?id=100087425121203","https:\/\/www.instagram.com\/pipeskacosmetiques\/"]},{"@type":"Person","@id":"https:\/\/pipeska.fr\/#\/schema\/person\/798445eb43ba38a57fa580b65bdc0029","name":"Morena","image":{"@type":"ImageObject","inLanguage":"es","@id":"https:\/\/secure.gravatar.com\/avatar\/82e3c245bcbfc2739807c608e824670b3962d13779094fc4f0c4d66755194d02?s=96&d=mm&r=g","url":"https:\/\/secure.gravatar.com\/avatar\/82e3c245bcbfc2739807c608e824670b3962d13779094fc4f0c4d66755194d02?s=96&d=mm&r=g","contentUrl":"https:\/\/secure.gravatar.com\/avatar\/82e3c245bcbfc2739807c608e824670b3962d13779094fc4f0c4d66755194d02?s=96&d=mm&r=g","caption":"Morena"},"sameAs":["https:\/\/pipeska.fr"],"url":"https:\/\/pipeska.fr\/es\/author\/yaniris\/"}]}},"_links":{"self":[{"href":"https:\/\/pipeska.fr\/es\/wp-json\/wp\/v2\/posts\/6884","targetHints":{"allow":["GET"]}}],"collection":[{"href":"https:\/\/pipeska.fr\/es\/wp-json\/wp\/v2\/posts"}],"about":[{"href":"https:\/\/pipeska.fr\/es\/wp-json\/wp\/v2\/types\/post"}],"author":[{"embeddable":true,"href":"https:\/\/pipeska.fr\/es\/wp-json\/wp\/v2\/users\/1"}],"replies":[{"embeddable":true,"href":"https:\/\/pipeska.fr\/es\/wp-json\/wp\/v2\/comments?post=6884"}],"version-history":[{"count":20,"href":"https:\/\/pipeska.fr\/es\/wp-json\/wp\/v2\/posts\/6884\/revisions"}],"predecessor-version":[{"id":6909,"href":"https:\/\/pipeska.fr\/es\/wp-json\/wp\/v2\/posts\/6884\/revisions\/6909"}],"wp:attachment":[{"href":"https:\/\/pipeska.fr\/es\/wp-json\/wp\/v2\/media?parent=6884"}],"wp:term":[{"taxonomy":"category","embeddable":true,"href":"https:\/\/pipeska.fr\/es\/wp-json\/wp\/v2\/categories?post=6884"},{"taxonomy":"post_tag","embeddable":true,"href":"https:\/\/pipeska.fr\/es\/wp-json\/wp\/v2\/tags?post=6884"}],"curies":[{"name":"wp","href":"https:\/\/api.w.org\/{rel}","templated":true}]}}